{"id":1,"date":"2026-05-05T21:06:58","date_gmt":"2026-05-05T21:06:58","guid":{"rendered":"https:\/\/ajans12.com\/?p=1"},"modified":"2026-08-15T13:12:53","modified_gmt":"2026-08-15T13:12:53","slug":"hello-world","status":"publish","type":"post","link":"https:\/\/ajans12.com\/?p=1","title":{"rendered":"Sosyal Medyada Her G\u00fcn Payla\u015f\u0131m Yapmak Ger\u00e7ekten Gerekli mi?"},"content":{"rendered":"\n<p class=\"wp-block-paragraph\">Sosyal medyada h\u00e2l\u00e2 en s\u0131k kar\u015f\u0131la\u015ft\u0131\u011f\u0131m\u0131z d\u00fc\u015f\u00fcncelerden biri \u015fu:&nbsp;<strong>\u201cHer g\u00fcn mutlaka bir \u015fey payla\u015fmal\u0131y\u0131z.\u201d<\/strong><\/p>\n\n\n\n<p class=\"wp-block-paragraph\">Oysa sosyal medya y\u00f6netimi, takvimde her g\u00fcn bo\u015f kalan bir kutuyu doldurmak de\u011fildir. Bir hesab\u0131n s\u00fcrekli payla\u015f\u0131m yapmas\u0131, do\u011fru ki\u015fiye do\u011fru zamanda ula\u015ft\u0131\u011f\u0131 anlam\u0131na gelmez. Hatta bazen kaliteli bir i\u00e7eri\u011fi yanl\u0131\u015f saatte yay\u0131nlamak, o i\u00e7eri\u011fin hak etti\u011fi ilgiyi g\u00f6rmesini engelleyebilir.<\/p>\n\n\n\n<p class=\"wp-block-paragraph\">AJANS 12 olarak sosyal medya \u00e7al\u0131\u015fmalar\u0131n\u0131 yaln\u0131zca i\u00e7erik haz\u0131rlay\u0131p yay\u0131nlamak \u015feklinde ele alm\u0131yoruz.&nbsp;<strong>Hangi i\u00e7eri\u011fin, hangi g\u00fcn ve hangi saatte payla\u015f\u0131laca\u011f\u0131na da en az tasar\u0131m kadar \u00f6nem veriyoruz.<\/strong><\/p>\n\n\n\n<h2 class=\"wp-block-heading\">\u0130nsanlar G\u00fcn \u0130\u00e7inde Sosyal Medyaya Ne Zaman Bak\u0131yor?<\/h2>\n\n\n\n<p class=\"wp-block-paragraph\">Bir sosyal medya kullan\u0131c\u0131s\u0131n\u0131n g\u00fcn i\u00e7indeki davran\u0131\u015f\u0131 tamamen rastgele de\u011fildir. \u0130\u015f, okul, trafik, yemek ve g\u00fcnl\u00fck ya\u015fam\u0131n temposu sosyal medya kullan\u0131m al\u0131\u015fkanl\u0131klar\u0131n\u0131 do\u011frudan etkiler.<\/p>\n\n\n\n<p class=\"wp-block-paragraph\">\u00d6rne\u011fin \u00f6\u011fle saatlerinde insanlar yemek molas\u0131na \u00e7\u0131kt\u0131\u011f\u0131nda telefonlar\u0131na daha fazla zaman ay\u0131rabiliyor. Masada yeme\u011fini yerken birka\u00e7 dakika Instagram&#8217;a bakmak, mesajlar\u0131 kontrol etmek veya k\u0131sa videolar izlemek olduk\u00e7a do\u011fal bir davran\u0131\u015f.<\/p>\n\n\n\n<p class=\"wp-block-paragraph\">Ak\u015fam saatlerinde ise durum daha da belirgin hale geliyor.<\/p>\n\n\n\n<p class=\"wp-block-paragraph\">\u0130nsanlar i\u015ften veya okuldan \u00e7\u0131k\u0131p eve geliyor, yemeklerini yiyor, biraz dinleniyor ve g\u00fcn\u00fcn sonunda yeniden telefonlar\u0131na d\u00f6n\u00fcyor.&nbsp;<strong>As\u0131l sosyal medya t\u00fcketiminin artt\u0131\u011f\u0131 zamanlardan biri de bu d\u00f6nem oluyor.<\/strong><\/p>\n\n\n\n<p class=\"wp-block-paragraph\">Bu y\u00fczden \u00f6rne\u011fin bir restoran\u0131n yeni men\u00fcs\u00fcn\u00fc, bir markan\u0131n kampanyas\u0131n\u0131 veya t\u00fcketicinin dikkatini \u00e7ekmesini istedi\u011fimiz bir \u00fcr\u00fcn\u00fc, insanlar\u0131n yo\u011fun \u015fekilde i\u015fle me\u015fgul oldu\u011fu bir saate b\u0131rakmak her zaman do\u011fru tercih olmayabilir.<\/p>\n\n\n\n<h2 class=\"wp-block-heading\">Peki 16.00\u201318.00 Aras\u0131 Neden Her \u0130\u00e7erik \u0130\u00e7in \u0130deal De\u011fil?<\/h2>\n\n\n\n<p class=\"wp-block-paragraph\">\u00d6zellikle kurumsal ve t\u00fcketici odakl\u0131 markalarda&nbsp;<strong>16.00\u201318.00 aral\u0131\u011f\u0131<\/strong>, bir\u00e7ok insan\u0131n h\u00e2l\u00e2 i\u015fte, okulda, trafikte veya g\u00fcnl\u00fck i\u015flerinin i\u00e7inde oldu\u011fu bir zaman dilimi.<\/p>\n\n\n\n<p class=\"wp-block-paragraph\">Bu saatlerde payla\u015f\u0131m yapmak kesinlikle \u201cyanl\u0131\u015ft\u0131r\u201d demek do\u011fru olmaz. Baz\u0131 sekt\u00f6rlerde ve baz\u0131 hedef kitlelerde bu saatler olduk\u00e7a iyi sonu\u00e7 verebilir.<\/p>\n\n\n\n<p class=\"wp-block-paragraph\">Ancak \u00f6rne\u011fin amac\u0131 ak\u015fam saatlerinde yo\u011fun \u015fekilde t\u00fcketilecek bir i\u00e7eri\u011fi, s\u0131rf&nbsp;<strong>\u201cbug\u00fcn\u00fcn payla\u015f\u0131m\u0131n\u0131 da yapm\u0131\u015f olal\u0131m\u201d<\/strong>&nbsp;d\u00fc\u015f\u00fcncesiyle 17.00&#8217;de yay\u0131nlamak do\u011fru bir strateji olmayabilir.<\/p>\n\n\n\n<p class=\"wp-block-paragraph\">\u0130\u00e7erik do\u011fru olabilir.<\/p>\n\n\n\n<p class=\"wp-block-paragraph\">Tasar\u0131m iyi olabilir.<\/p>\n\n\n\n<p class=\"wp-block-paragraph\">Metin ba\u015far\u0131l\u0131 olabilir.<\/p>\n\n\n\n<p class=\"wp-block-paragraph\">Ama&nbsp;<strong>i\u00e7eri\u011fin kar\u015f\u0131s\u0131na \u00e7\u0131kt\u0131\u011f\u0131 ki\u015fi o anda bakm\u0131yorsa<\/strong>, b\u00fct\u00fcn bu emek beklenen kar\u015f\u0131l\u0131\u011f\u0131 bulmayabilir.<\/p>\n\n\n\n<h2 class=\"wp-block-heading\">Do\u011fru Zaman, \u0130\u00e7eri\u011fin Bir Par\u00e7as\u0131d\u0131r<\/h2>\n\n\n\n<p class=\"wp-block-paragraph\">Bir sosyal medya payla\u015f\u0131m\u0131n\u0131 yaln\u0131zca g\u00f6rsel ve metinden ibaret d\u00fc\u015f\u00fcnmemek gerekiyor.<\/p>\n\n\n\n<p class=\"wp-block-paragraph\">\u0130\u00e7eri\u011fin kendisi kadar:<\/p>\n\n\n\n<p class=\"wp-block-paragraph\"><strong>Kime?<br>Nerede?<br>Ne zaman?<br>Hangi mesajla?<\/strong><\/p>\n\n\n\n<p class=\"wp-block-paragraph\">sorular\u0131n\u0131n da cevab\u0131 olmal\u0131.<\/p>\n\n\n\n<p class=\"wp-block-paragraph\">\u00d6rne\u011fin bir restoran i\u00e7in ak\u015fam yeme\u011fi \u00f6ncesinde yay\u0131nlanan bir i\u00e7erik ile sabah 10.00&#8217;da yay\u0131nlanan ayn\u0131 i\u00e7erik ayn\u0131 sonucu vermeyebilir.<\/p>\n\n\n\n<p class=\"wp-block-paragraph\">Bir gayrimenkul projesinin ak\u015fam evde dinlenen kullan\u0131c\u0131ya ula\u015fmas\u0131 ile \u00f6\u011flen i\u015f aras\u0131nda h\u0131zl\u0131ca telefona bakan kullan\u0131c\u0131ya ula\u015fmas\u0131 da ayn\u0131 de\u011fildir.<\/p>\n\n\n\n<p class=\"wp-block-paragraph\">Bir kurumsal hizmetin LinkedIn&#8217;de hafta i\u00e7i \u00e7al\u0131\u015fma saatlerinde ald\u0131\u011f\u0131 etkile\u015fim ile Instagram&#8217;da ak\u015fam saatlerinde al\u0131nan etkile\u015fim de ayn\u0131 davran\u0131\u015f bi\u00e7imine dayanmaz.<\/p>\n\n\n\n<p class=\"wp-block-paragraph\"><strong>Tek bir \u201cen do\u011fru saat\u201d yoktur. Do\u011fru saat, markan\u0131n hedef kitlesine g\u00f6re belirlenir.<\/strong><\/p>\n\n\n\n<h2 class=\"wp-block-heading\">Her G\u00fcn Payla\u015fmak Yerine Do\u011fru \u0130\u00e7eri\u011fi Do\u011fru Zamanda Payla\u015fmak<\/h2>\n\n\n\n<p class=\"wp-block-paragraph\">AJANS 12 olarak i\u00e7erik planlamas\u0131nda \u00f6nceli\u011fimiz payla\u015f\u0131m say\u0131s\u0131n\u0131 art\u0131rmak de\u011fil,&nbsp;<strong>payla\u015f\u0131mlar\u0131n de\u011ferini art\u0131rmak.<\/strong><\/p>\n\n\n\n<p class=\"wp-block-paragraph\">Her g\u00fcn i\u00e7erik \u00e7\u0131karmak yerine baz\u0131 g\u00fcnler daha g\u00fc\u00e7l\u00fc bir konuya odaklanmak, gerekti\u011finde foto\u011fraf ve video \u00e7ekimini \u00f6nceden planlamak, i\u00e7erikleri bir takvim i\u00e7inde haz\u0131rlamak ve yay\u0131n saatlerini hedef kitlenin davran\u0131\u015f\u0131na g\u00f6re belirlemek daha sa\u011fl\u0131kl\u0131 bir yakla\u015f\u0131m.<\/p>\n\n\n\n<p class=\"wp-block-paragraph\">\u00c7\u00fcnk\u00fc sosyal medya hesab\u0131n\u0131z\u0131n dolu g\u00f6r\u00fcnmesi ile&nbsp;<strong>etkili g\u00f6r\u00fcnmesi ayn\u0131 \u015fey de\u011fildir.<\/strong><\/p>\n\n\n\n<p class=\"wp-block-paragraph\">Bazen haftada \u00fc\u00e7 iyi i\u00e7erik, her g\u00fcn haz\u0131rlanan yedi s\u0131radan i\u00e7erikten \u00e7ok daha g\u00fc\u00e7l\u00fc bir sonu\u00e7 verebilir.<\/p>\n\n\n\n<h2 class=\"wp-block-heading\">M\u00fc\u015fteri de \u0130\u00e7erik S\u00fcrecinin Bir Par\u00e7as\u0131d\u0131r<\/h2>\n\n\n\n<p class=\"wp-block-paragraph\">\u0130yi bir sosyal medya y\u00f6netimi yaln\u0131zca ajans\u0131n bilgisinden olu\u015fmaz.<\/p>\n\n\n\n<p class=\"wp-block-paragraph\">Markan\u0131n sahibi ve \u00e7al\u0131\u015fanlar\u0131 da i\u00e7erik \u00fcretim s\u00fcrecinin \u00f6nemli bir par\u00e7as\u0131d\u0131r.<\/p>\n\n\n\n<p class=\"wp-block-paragraph\">Hangi \u00fcr\u00fcn\u00fcn g\u00f6sterilece\u011fi, hangi hizmetin anlat\u0131laca\u011f\u0131, hangi g\u00f6r\u00fcnt\u00fcn\u00fcn \u00e7ekilece\u011fi ve hangi detay\u0131n \u00f6ne \u00e7\u0131kar\u0131laca\u011f\u0131 konusunda m\u00fc\u015fteriyi bilin\u00e7lendirmek gerekir.<\/p>\n\n\n\n<p class=\"wp-block-paragraph\">\u00d6rne\u011fin bir i\u015fletmede sadece \u201cbug\u00fcn birka\u00e7 foto\u011fraf \u00e7ekelim\u201d demek yerine;<\/p>\n\n\n\n<p class=\"wp-block-paragraph\"><strong>Neyi \u00e7ekiyoruz?<br>Neden \u00e7ekiyoruz?<br>Bu g\u00f6r\u00fcnt\u00fc nerede kullan\u0131lacak?<br>Foto\u011fraf m\u0131, video mu daha do\u011fru?<br>Dikey mi, yatay m\u0131?<br>Hangi detay mutlaka g\u00f6r\u00fcnmeli?<\/strong><\/p>\n\n\n\n<p class=\"wp-block-paragraph\">gibi sorular\u0131n \u00f6nceden cevaplanmas\u0131 gerekir.<\/p>\n\n\n\n<p class=\"wp-block-paragraph\">\u00c7\u00fcnk\u00fc iyi i\u00e7erik \u00e7o\u011fu zaman payla\u015f\u0131m ekran\u0131nda de\u011fil,&nbsp;<strong>kamera a\u00e7\u0131lmadan \u00f6nce haz\u0131rlan\u0131r.<\/strong><\/p>\n\n\n\n<h2 class=\"wp-block-heading\">AJANS 12&#8217;nin Yakla\u015f\u0131m\u0131<\/h2>\n\n\n\n<p class=\"wp-block-paragraph\">Biz sosyal medyay\u0131 g\u00fcnl\u00fck bir g\u00f6rev listesi olarak de\u011fil,&nbsp;<strong>markan\u0131n dijital ileti\u015fim plan\u0131n\u0131n bir par\u00e7as\u0131<\/strong>&nbsp;olarak g\u00f6r\u00fcyoruz.<\/p>\n\n\n\n<p class=\"wp-block-paragraph\">\u0130\u00e7eri\u011fi olu\u015fturuyor, markan\u0131n g\u00f6rsel diline uyarl\u0131yor, gerekti\u011finde foto\u011fraf ve video \u00fcretimini planl\u0131yor, hangi konular\u0131n i\u015flenmesi gerekti\u011fi konusunda y\u00f6nlendiriyor ve i\u00e7eriklerin hedef kitleye uygun zamanlarda yay\u0131nlanmas\u0131n\u0131 sa\u011fl\u0131yoruz.<\/p>\n\n\n\n<p class=\"wp-block-paragraph\">Amac\u0131m\u0131z \u201cher g\u00fcn bir \u015fey payla\u015fm\u0131\u015f olmak\u201d de\u011fil.<\/p>\n\n\n\n<p class=\"wp-block-paragraph\"><strong>Do\u011fru \u015feyi, do\u011fru ki\u015fiye, do\u011fru zamanda g\u00f6stermek.<\/strong><\/p>\n\n\n\n<p class=\"wp-block-paragraph\">\u00c7\u00fcnk\u00fc sosyal medyada ba\u015far\u0131, yaln\u0131zca ne s\u00f6yledi\u011finizle de\u011fil;&nbsp;<strong>ne zaman s\u00f6yledi\u011finizle de ilgilidir.<\/strong><\/p>\n\n\n\n<p class=\"wp-block-paragraph\"><\/p>\n","protected":false},"excerpt":{"rendered":"<p>Sosyal medyada h\u00e2l\u00e2 en s\u0131k kar\u015f\u0131la\u015ft\u0131\u011f\u0131m\u0131z d\u00fc\u015f\u00fcncelerden biri \u015fu:&nbsp;\u201cHer g\u00fcn mutlaka bir \u015fey payla\u015fmal\u0131y\u0131z.\u201d Oysa sosyal medya y\u00f6netimi, takvimde her g\u00fcn bo\u015f kalan bir kutuyu doldurmak de\u011fildir. Bir hesab\u0131n s\u00fcrekli payla\u015f\u0131m yapmas\u0131, do\u011fru ki\u015fiye do\u011fru zamanda ula\u015ft\u0131\u011f\u0131 anlam\u0131na gelmez. Hatta bazen kaliteli bir i\u00e7eri\u011fi yanl\u0131\u015f saatte yay\u0131nlamak, o i\u00e7eri\u011fin hak etti\u011fi ilgiyi g\u00f6rmesini engelleyebilir. AJANS [&hellip;]<\/p>\n","protected":false},"author":1,"featured_media":119,"comment_status":"open","ping_status":"open","sticky":false,"template":"","format":"standard","meta":{"footnotes":""},"categories":[25],"tags":[],"class_list":["post-1","post","type-post","status-publish","format-standard","has-post-thumbnail","hentry","category-sosyal-medya"],"yoast_head":"<!-- This site is optimized with the Yoast SEO plugin v28.2 - https:\/\/yoast.com\/product\/yoast-seo-wordpress\/ -->\n<title>Sosyal Medyada Her G\u00fcn Payla\u015f\u0131m Yapmak Ger\u00e7ekten Gerekli mi? - AJANS 12<\/title>\n<meta name=\"robots\" content=\"index, follow, max-snippet:-1, max-image-preview:large, max-video-preview:-1\" \/>\n<link rel=\"canonical\" href=\"https:\/\/ajans12.com\/?p=1\" \/>\n<meta property=\"og:locale\" content=\"tr_TR\" \/>\n<meta property=\"og:type\" content=\"article\" \/>\n<meta property=\"og:title\" content=\"Sosyal Medyada Her G\u00fcn Payla\u015f\u0131m Yapmak Ger\u00e7ekten Gerekli mi? - AJANS 12\" \/>\n<meta property=\"og:description\" content=\"Sosyal medyada h\u00e2l\u00e2 en s\u0131k kar\u015f\u0131la\u015ft\u0131\u011f\u0131m\u0131z d\u00fc\u015f\u00fcncelerden biri \u015fu:&nbsp;\u201cHer g\u00fcn mutlaka bir \u015fey payla\u015fmal\u0131y\u0131z.\u201d Oysa sosyal medya y\u00f6netimi, takvimde her g\u00fcn bo\u015f kalan bir kutuyu doldurmak de\u011fildir. Bir hesab\u0131n s\u00fcrekli payla\u015f\u0131m yapmas\u0131, do\u011fru ki\u015fiye do\u011fru zamanda ula\u015ft\u0131\u011f\u0131 anlam\u0131na gelmez. Hatta bazen kaliteli bir i\u00e7eri\u011fi yanl\u0131\u015f saatte yay\u0131nlamak, o i\u00e7eri\u011fin hak etti\u011fi ilgiyi g\u00f6rmesini engelleyebilir. AJANS [&hellip;]\" \/>\n<meta property=\"og:url\" content=\"https:\/\/ajans12.com\/?p=1\" \/>\n<meta property=\"og:site_name\" content=\"AJANS 12\" \/>\n<meta property=\"article:published_time\" content=\"2026-05-05T21:06:58+00:00\" \/>\n<meta property=\"article:modified_time\" content=\"2026-08-15T13:12:53+00:00\" \/>\n<meta property=\"og:image\" content=\"https:\/\/ajans12.com\/wp-content\/uploads\/2026\/05\/Social_Media_paylasim.jpg\" \/>\n\t<meta property=\"og:image:width\" content=\"1200\" \/>\n\t<meta property=\"og:image:height\" content=\"600\" \/>\n\t<meta property=\"og:image:type\" content=\"image\/jpeg\" \/>\n<meta name=\"author\" content=\"admin\" \/>\n<meta name=\"twitter:card\" content=\"summary_large_image\" \/>\n<meta name=\"twitter:label1\" content=\"Yazan:\" \/>\n\t<meta name=\"twitter:data1\" content=\"admin\" \/>\n\t<meta name=\"twitter:label2\" content=\"Tahmini okuma s\u00fcresi\" \/>\n\t<meta name=\"twitter:data2\" content=\"5 dakika\" \/>\n<script type=\"application\/ld+json\" class=\"yoast-schema-graph\">{\"@context\":\"https:\\\/\\\/schema.org\",\"@graph\":[{\"@type\":\"Article\",\"@id\":\"https:\\\/\\\/ajans12.com\\\/?p=1#article\",\"isPartOf\":{\"@id\":\"https:\\\/\\\/ajans12.com\\\/?p=1\"},\"author\":{\"name\":\"admin\",\"@id\":\"https:\\\/\\\/ajans12.com\\\/#\\\/schema\\\/person\\\/a5eae87817f5755b5f0c94d29b3090c9\"},\"headline\":\"Sosyal Medyada Her G\u00fcn Payla\u015f\u0131m Yapmak Ger\u00e7ekten Gerekli mi?\",\"datePublished\":\"2026-05-05T21:06:58+00:00\",\"dateModified\":\"2026-08-15T13:12:53+00:00\",\"mainEntityOfPage\":{\"@id\":\"https:\\\/\\\/ajans12.com\\\/?p=1\"},\"wordCount\":1018,\"commentCount\":1,\"publisher\":{\"@id\":\"https:\\\/\\\/ajans12.com\\\/#organization\"},\"image\":{\"@id\":\"https:\\\/\\\/ajans12.com\\\/?p=1#primaryimage\"},\"thumbnailUrl\":\"https:\\\/\\\/ajans12.com\\\/wp-content\\\/uploads\\\/2026\\\/05\\\/Social_Media_paylasim.jpg\",\"articleSection\":[\"Sosyal Medya\"],\"inLanguage\":\"tr\",\"potentialAction\":[{\"@type\":\"CommentAction\",\"name\":\"Comment\",\"target\":[\"https:\\\/\\\/ajans12.com\\\/?p=1#respond\"]}]},{\"@type\":\"WebPage\",\"@id\":\"https:\\\/\\\/ajans12.com\\\/?p=1\",\"url\":\"https:\\\/\\\/ajans12.com\\\/?p=1\",\"name\":\"Sosyal Medyada Her G\u00fcn Payla\u015f\u0131m Yapmak Ger\u00e7ekten Gerekli mi? - AJANS 12\",\"isPartOf\":{\"@id\":\"https:\\\/\\\/ajans12.com\\\/#website\"},\"primaryImageOfPage\":{\"@id\":\"https:\\\/\\\/ajans12.com\\\/?p=1#primaryimage\"},\"image\":{\"@id\":\"https:\\\/\\\/ajans12.com\\\/?p=1#primaryimage\"},\"thumbnailUrl\":\"https:\\\/\\\/ajans12.com\\\/wp-content\\\/uploads\\\/2026\\\/05\\\/Social_Media_paylasim.jpg\",\"datePublished\":\"2026-05-05T21:06:58+00:00\",\"dateModified\":\"2026-08-15T13:12:53+00:00\",\"breadcrumb\":{\"@id\":\"https:\\\/\\\/ajans12.com\\\/?p=1#breadcrumb\"},\"inLanguage\":\"tr\",\"potentialAction\":[{\"@type\":\"ReadAction\",\"target\":[\"https:\\\/\\\/ajans12.com\\\/?p=1\"]}]},{\"@type\":\"ImageObject\",\"inLanguage\":\"tr\",\"@id\":\"https:\\\/\\\/ajans12.com\\\/?p=1#primaryimage\",\"url\":\"https:\\\/\\\/ajans12.com\\\/wp-content\\\/uploads\\\/2026\\\/05\\\/Social_Media_paylasim.jpg\",\"contentUrl\":\"https:\\\/\\\/ajans12.com\\\/wp-content\\\/uploads\\\/2026\\\/05\\\/Social_Media_paylasim.jpg\",\"width\":1200,\"height\":600},{\"@type\":\"BreadcrumbList\",\"@id\":\"https:\\\/\\\/ajans12.com\\\/?p=1#breadcrumb\",\"itemListElement\":[{\"@type\":\"ListItem\",\"position\":1,\"name\":\"Anasayfa\",\"item\":\"https:\\\/\\\/ajans12.com\\\/\"},{\"@type\":\"ListItem\",\"position\":2,\"name\":\"Sosyal Medyada Her G\u00fcn Payla\u015f\u0131m Yapmak Ger\u00e7ekten Gerekli mi?\"}]},{\"@type\":\"WebSite\",\"@id\":\"https:\\\/\\\/ajans12.com\\\/#website\",\"url\":\"https:\\\/\\\/ajans12.com\\\/\",\"name\":\"AJANS 12\",\"description\":\"Markan\u0131z\u0131 G\u00f6r\u00fcn\u00fcr, Hik\u00e2yenizi Unutulmaz K\u0131l\u0131yoruz.\",\"publisher\":{\"@id\":\"https:\\\/\\\/ajans12.com\\\/#organization\"},\"potentialAction\":[{\"@type\":\"SearchAction\",\"target\":{\"@type\":\"EntryPoint\",\"urlTemplate\":\"https:\\\/\\\/ajans12.com\\\/?s={search_term_string}\"},\"query-input\":{\"@type\":\"PropertyValueSpecification\",\"valueRequired\":true,\"valueName\":\"search_term_string\"}}],\"inLanguage\":\"tr\"},{\"@type\":\"Organization\",\"@id\":\"https:\\\/\\\/ajans12.com\\\/#organization\",\"name\":\"AJANS 12\",\"url\":\"https:\\\/\\\/ajans12.com\\\/\",\"logo\":{\"@type\":\"ImageObject\",\"inLanguage\":\"tr\",\"@id\":\"https:\\\/\\\/ajans12.com\\\/#\\\/schema\\\/logo\\\/image\\\/\",\"url\":\"https:\\\/\\\/ajans12.com\\\/wp-content\\\/uploads\\\/2026\\\/08\\\/cropped-Ajans_12_Vector_Logo_3D_200px.png\",\"contentUrl\":\"https:\\\/\\\/ajans12.com\\\/wp-content\\\/uploads\\\/2026\\\/08\\\/cropped-Ajans_12_Vector_Logo_3D_200px.png\",\"width\":200,\"height\":178,\"caption\":\"AJANS 12\"},\"image\":{\"@id\":\"https:\\\/\\\/ajans12.com\\\/#\\\/schema\\\/logo\\\/image\\\/\"}},{\"@type\":\"Person\",\"@id\":\"https:\\\/\\\/ajans12.com\\\/#\\\/schema\\\/person\\\/a5eae87817f5755b5f0c94d29b3090c9\",\"name\":\"admin\",\"image\":{\"@type\":\"ImageObject\",\"inLanguage\":\"tr\",\"@id\":\"https:\\\/\\\/secure.gravatar.com\\\/avatar\\\/471c118e7893ae3149fb362a87a71f0f3dac44a698299b48de6d52b3d8be5d60?s=96&d=mm&r=g\",\"url\":\"https:\\\/\\\/secure.gravatar.com\\\/avatar\\\/471c118e7893ae3149fb362a87a71f0f3dac44a698299b48de6d52b3d8be5d60?s=96&d=mm&r=g\",\"contentUrl\":\"https:\\\/\\\/secure.gravatar.com\\\/avatar\\\/471c118e7893ae3149fb362a87a71f0f3dac44a698299b48de6d52b3d8be5d60?s=96&d=mm&r=g\",\"caption\":\"admin\"},\"sameAs\":[\"https:\\\/\\\/ajans12.com\"],\"url\":\"https:\\\/\\\/ajans12.com\\\/?author=1\"}]}<\/script>\n<!-- \/ Yoast SEO plugin. -->","yoast_head_json":{"title":"Sosyal Medyada Her G\u00fcn Payla\u015f\u0131m Yapmak Ger\u00e7ekten Gerekli mi? - AJANS 12","robots":{"index":"index","follow":"follow","max-snippet":"max-snippet:-1","max-image-preview":"max-image-preview:large","max-video-preview":"max-video-preview:-1"},"canonical":"https:\/\/ajans12.com\/?p=1","og_locale":"tr_TR","og_type":"article","og_title":"Sosyal Medyada Her G\u00fcn Payla\u015f\u0131m Yapmak Ger\u00e7ekten Gerekli mi? - AJANS 12","og_description":"Sosyal medyada h\u00e2l\u00e2 en s\u0131k kar\u015f\u0131la\u015ft\u0131\u011f\u0131m\u0131z d\u00fc\u015f\u00fcncelerden biri \u015fu:&nbsp;\u201cHer g\u00fcn mutlaka bir \u015fey payla\u015fmal\u0131y\u0131z.\u201d Oysa sosyal medya y\u00f6netimi, takvimde her g\u00fcn bo\u015f kalan bir kutuyu doldurmak de\u011fildir. Bir hesab\u0131n s\u00fcrekli payla\u015f\u0131m yapmas\u0131, do\u011fru ki\u015fiye do\u011fru zamanda ula\u015ft\u0131\u011f\u0131 anlam\u0131na gelmez. Hatta bazen kaliteli bir i\u00e7eri\u011fi yanl\u0131\u015f saatte yay\u0131nlamak, o i\u00e7eri\u011fin hak etti\u011fi ilgiyi g\u00f6rmesini engelleyebilir. AJANS [&hellip;]","og_url":"https:\/\/ajans12.com\/?p=1","og_site_name":"AJANS 12","article_published_time":"2026-05-05T21:06:58+00:00","article_modified_time":"2026-08-15T13:12:53+00:00","og_image":[{"width":1200,"height":600,"url":"https:\/\/ajans12.com\/wp-content\/uploads\/2026\/05\/Social_Media_paylasim.jpg","type":"image\/jpeg"}],"author":"admin","twitter_card":"summary_large_image","twitter_misc":{"Yazan:":"admin","Tahmini okuma s\u00fcresi":"5 dakika"},"schema":{"@context":"https:\/\/schema.org","@graph":[{"@type":"Article","@id":"https:\/\/ajans12.com\/?p=1#article","isPartOf":{"@id":"https:\/\/ajans12.com\/?p=1"},"author":{"name":"admin","@id":"https:\/\/ajans12.com\/#\/schema\/person\/a5eae87817f5755b5f0c94d29b3090c9"},"headline":"Sosyal Medyada Her G\u00fcn Payla\u015f\u0131m Yapmak Ger\u00e7ekten Gerekli mi?","datePublished":"2026-05-05T21:06:58+00:00","dateModified":"2026-08-15T13:12:53+00:00","mainEntityOfPage":{"@id":"https:\/\/ajans12.com\/?p=1"},"wordCount":1018,"commentCount":1,"publisher":{"@id":"https:\/\/ajans12.com\/#organization"},"image":{"@id":"https:\/\/ajans12.com\/?p=1#primaryimage"},"thumbnailUrl":"https:\/\/ajans12.com\/wp-content\/uploads\/2026\/05\/Social_Media_paylasim.jpg","articleSection":["Sosyal Medya"],"inLanguage":"tr","potentialAction":[{"@type":"CommentAction","name":"Comment","target":["https:\/\/ajans12.com\/?p=1#respond"]}]},{"@type":"WebPage","@id":"https:\/\/ajans12.com\/?p=1","url":"https:\/\/ajans12.com\/?p=1","name":"Sosyal Medyada Her G\u00fcn Payla\u015f\u0131m Yapmak Ger\u00e7ekten Gerekli mi? - AJANS 12","isPartOf":{"@id":"https:\/\/ajans12.com\/#website"},"primaryImageOfPage":{"@id":"https:\/\/ajans12.com\/?p=1#primaryimage"},"image":{"@id":"https:\/\/ajans12.com\/?p=1#primaryimage"},"thumbnailUrl":"https:\/\/ajans12.com\/wp-content\/uploads\/2026\/05\/Social_Media_paylasim.jpg","datePublished":"2026-05-05T21:06:58+00:00","dateModified":"2026-08-15T13:12:53+00:00","breadcrumb":{"@id":"https:\/\/ajans12.com\/?p=1#breadcrumb"},"inLanguage":"tr","potentialAction":[{"@type":"ReadAction","target":["https:\/\/ajans12.com\/?p=1"]}]},{"@type":"ImageObject","inLanguage":"tr","@id":"https:\/\/ajans12.com\/?p=1#primaryimage","url":"https:\/\/ajans12.com\/wp-content\/uploads\/2026\/05\/Social_Media_paylasim.jpg","contentUrl":"https:\/\/ajans12.com\/wp-content\/uploads\/2026\/05\/Social_Media_paylasim.jpg","width":1200,"height":600},{"@type":"BreadcrumbList","@id":"https:\/\/ajans12.com\/?p=1#breadcrumb","itemListElement":[{"@type":"ListItem","position":1,"name":"Anasayfa","item":"https:\/\/ajans12.com\/"},{"@type":"ListItem","position":2,"name":"Sosyal Medyada Her G\u00fcn Payla\u015f\u0131m Yapmak Ger\u00e7ekten Gerekli mi?"}]},{"@type":"WebSite","@id":"https:\/\/ajans12.com\/#website","url":"https:\/\/ajans12.com\/","name":"AJANS 12","description":"Markan\u0131z\u0131 G\u00f6r\u00fcn\u00fcr, Hik\u00e2yenizi Unutulmaz K\u0131l\u0131yoruz.","publisher":{"@id":"https:\/\/ajans12.com\/#organization"},"potentialAction":[{"@type":"SearchAction","target":{"@type":"EntryPoint","urlTemplate":"https:\/\/ajans12.com\/?s={search_term_string}"},"query-input":{"@type":"PropertyValueSpecification","valueRequired":true,"valueName":"search_term_string"}}],"inLanguage":"tr"},{"@type":"Organization","@id":"https:\/\/ajans12.com\/#organization","name":"AJANS 12","url":"https:\/\/ajans12.com\/","logo":{"@type":"ImageObject","inLanguage":"tr","@id":"https:\/\/ajans12.com\/#\/schema\/logo\/image\/","url":"https:\/\/ajans12.com\/wp-content\/uploads\/2026\/08\/cropped-Ajans_12_Vector_Logo_3D_200px.png","contentUrl":"https:\/\/ajans12.com\/wp-content\/uploads\/2026\/08\/cropped-Ajans_12_Vector_Logo_3D_200px.png","width":200,"height":178,"caption":"AJANS 12"},"image":{"@id":"https:\/\/ajans12.com\/#\/schema\/logo\/image\/"}},{"@type":"Person","@id":"https:\/\/ajans12.com\/#\/schema\/person\/a5eae87817f5755b5f0c94d29b3090c9","name":"admin","image":{"@type":"ImageObject","inLanguage":"tr","@id":"https:\/\/secure.gravatar.com\/avatar\/471c118e7893ae3149fb362a87a71f0f3dac44a698299b48de6d52b3d8be5d60?s=96&d=mm&r=g","url":"https:\/\/secure.gravatar.com\/avatar\/471c118e7893ae3149fb362a87a71f0f3dac44a698299b48de6d52b3d8be5d60?s=96&d=mm&r=g","contentUrl":"https:\/\/secure.gravatar.com\/avatar\/471c118e7893ae3149fb362a87a71f0f3dac44a698299b48de6d52b3d8be5d60?s=96&d=mm&r=g","caption":"admin"},"sameAs":["https:\/\/ajans12.com"],"url":"https:\/\/ajans12.com\/?author=1"}]}},"_links":{"self":[{"href":"https:\/\/ajans12.com\/index.php?rest_route=\/wp\/v2\/posts\/1","targetHints":{"allow":["GET"]}}],"collection":[{"href":"https:\/\/ajans12.com\/index.php?rest_route=\/wp\/v2\/posts"}],"about":[{"href":"https:\/\/ajans12.com\/index.php?rest_route=\/wp\/v2\/types\/post"}],"author":[{"embeddable":true,"href":"https:\/\/ajans12.com\/index.php?rest_route=\/wp\/v2\/users\/1"}],"replies":[{"embeddable":true,"href":"https:\/\/ajans12.com\/index.php?rest_route=%2Fwp%2Fv2%2Fcomments&post=1"}],"version-history":[{"count":2,"href":"https:\/\/ajans12.com\/index.php?rest_route=\/wp\/v2\/posts\/1\/revisions"}],"predecessor-version":[{"id":120,"href":"https:\/\/ajans12.com\/index.php?rest_route=\/wp\/v2\/posts\/1\/revisions\/120"}],"wp:featuredmedia":[{"embeddable":true,"href":"https:\/\/ajans12.com\/index.php?rest_route=\/wp\/v2\/media\/119"}],"wp:attachment":[{"href":"https:\/\/ajans12.com\/index.php?rest_route=%2Fwp%2Fv2%2Fmedia&parent=1"}],"wp:term":[{"taxonomy":"category","embeddable":true,"href":"https:\/\/ajans12.com\/index.php?rest_route=%2Fwp%2Fv2%2Fcategories&post=1"},{"taxonomy":"post_tag","embeddable":true,"href":"https:\/\/ajans12.com\/index.php?rest_route=%2Fwp%2Fv2%2Ftags&post=1"}],"curies":[{"name":"wp","href":"https:\/\/api.w.org\/{rel}","templated":true}]}}