{"id":128,"date":"2026-08-15T15:20:54","date_gmt":"2026-08-15T15:20:54","guid":{"rendered":"https:\/\/ajans12.com\/?p=128"},"modified":"2026-08-15T15:20:54","modified_gmt":"2026-08-15T15:20:54","slug":"marka-kimligi-sadece-bir-logodan-ibaret-degildir","status":"publish","type":"post","link":"https:\/\/ajans12.com\/?p=128","title":{"rendered":"Marka Kimli\u011fi Sadece Bir Logodan \u0130baret De\u011fildir."},"content":{"rendered":"\n<p class=\"wp-block-paragraph\">Bir marka denildi\u011finde \u00e7o\u011fu ki\u015finin akl\u0131na \u00f6nce logo gelir. Oysa logo, markan\u0131n yaln\u0131zca g\u00f6r\u00fcnen par\u00e7alar\u0131ndan biridir.&nbsp;<strong>Bir markan\u0131n kimli\u011fi; logosundan renklerine, yaz\u0131 karakterinden foto\u011fraf diline, sosyal medya payla\u015f\u0131mlar\u0131ndan web sitesine kadar uzanan b\u00fct\u00fcnsel bir yap\u0131dan olu\u015fur.<\/strong><\/p>\n\n\n\n<p class=\"wp-block-paragraph\">Bu nedenle yeni bir marka olu\u015ftururken ya da mevcut bir markay\u0131 yenilerken yaln\u0131zca yeni bir logo tasarlamak \u00e7o\u011fu zaman yeterli de\u011fildir.<\/p>\n\n\n\n<h2 class=\"wp-block-heading\">Logo markan\u0131n tamam\u0131 de\u011fildir<\/h2>\n\n\n\n<p class=\"wp-block-paragraph\">Logo, markan\u0131n en kolay fark edilen unsurlar\u0131ndan biridir. Ancak m\u00fc\u015fterinin markayla kar\u015f\u0131la\u015ft\u0131\u011f\u0131 her nokta logo de\u011fildir.<\/p>\n\n\n\n<p class=\"wp-block-paragraph\">Bir web sitesine girdi\u011finde g\u00f6rd\u00fc\u011f\u00fc renkler, sosyal medyada kar\u015f\u0131s\u0131na \u00e7\u0131kan g\u00f6rseller, kulland\u0131\u011f\u0131 bir \u00fcr\u00fcn\u00fcn ambalaj\u0131, g\u00f6nderilen bir teklif dosyas\u0131, kartvizit, e-posta imzas\u0131 veya ma\u011fazada g\u00f6rd\u00fc\u011f\u00fc tabela da markan\u0131n alg\u0131s\u0131n\u0131 olu\u015fturur.<\/p>\n\n\n\n<p class=\"wp-block-paragraph\">Logo her yerde ayn\u0131 olabilir.<\/p>\n\n\n\n<p class=\"wp-block-paragraph\">Ama di\u011fer unsurlar birbiriyle uyu\u015fmuyorsa ortaya&nbsp;<strong>tutars\u0131z bir marka deneyimi<\/strong>&nbsp;\u00e7\u0131kar.<\/p>\n\n\n\n<h2 class=\"wp-block-heading\">Renklerin de bir dili vard\u0131r<\/h2>\n\n\n\n<p class=\"wp-block-paragraph\">Kurumsal renkler yaln\u0131zca tasar\u0131m\u0131 g\u00fczelle\u015ftirmek i\u00e7in se\u00e7ilmez.<\/p>\n\n\n\n<p class=\"wp-block-paragraph\">Bir markan\u0131n ciddi, g\u00fcvenilir, enerjik, teknolojik, modern veya premium alg\u0131lanmas\u0131nda renklerin \u00f6nemli bir rol\u00fc vard\u0131r. Bu nedenle renk se\u00e7iminde yaln\u0131zca \u201cbu renk g\u00fczel\u201d yakla\u015f\u0131m\u0131 yerine markan\u0131n hedef kitlesi ve konumu dikkate al\u0131nmal\u0131d\u0131r.<\/p>\n\n\n\n<p class=\"wp-block-paragraph\">Ayn\u0131 \u015fekilde se\u00e7ilen renklerin web sitesinde, sosyal medyada, bas\u0131l\u0131 materyallerde ve reklam \u00e7al\u0131\u015fmalar\u0131nda tutarl\u0131 bi\u00e7imde kullan\u0131lmas\u0131 gerekir.<\/p>\n\n\n\n<h2 class=\"wp-block-heading\">Tipografi g\u00f6r\u00fcnmeyen ama g\u00fc\u00e7l\u00fc bir unsurdur<\/h2>\n\n\n\n<p class=\"wp-block-paragraph\">Kullan\u0131lan yaz\u0131 karakteri de markan\u0131n karakterini belirler.<\/p>\n\n\n\n<p class=\"wp-block-paragraph\">Kurumsal bir finans \u015firketi ile yarat\u0131c\u0131 bir tasar\u0131m markas\u0131n\u0131n ayn\u0131 tipografik dili kullanmas\u0131 beklenmez. Bir markan\u0131n ba\u015fl\u0131klar\u0131nda kulland\u0131\u011f\u0131 font ile metinlerde kulland\u0131\u011f\u0131 fontun birbiriyle uyumlu olmas\u0131, tasar\u0131m\u0131n profesyonel g\u00f6r\u00fcnmesini sa\u011flar.<\/p>\n\n\n\n<p class=\"wp-block-paragraph\">Bu nedenle kurumsal kimlik olu\u015ftururken&nbsp;<strong>tipografi se\u00e7imi de en az logo kadar d\u00fc\u015f\u00fcn\u00fclmesi gereken bir konudur.<\/strong><\/p>\n\n\n\n<h2 class=\"wp-block-heading\">Foto\u011fraf ve video dili de markan\u0131n kimli\u011fidir<\/h2>\n\n\n\n<p class=\"wp-block-paragraph\">Marka kimli\u011fi yaln\u0131zca grafik tasar\u0131mdan olu\u015fmaz.<\/p>\n\n\n\n<p class=\"wp-block-paragraph\">Bug\u00fcn sosyal medyada ve dijital platformlarda foto\u011fraf ve video, markan\u0131n m\u00fc\u015fterisiyle kurdu\u011fu en \u00f6nemli ileti\u015fim ara\u00e7lar\u0131ndan biri haline geldi.<\/p>\n\n\n\n<p class=\"wp-block-paragraph\">Bir markan\u0131n \u00fcr\u00fcnlerini s\u00fcrekli ayn\u0131 a\u00e7\u0131dan, farkl\u0131 \u0131\u015f\u0131klarda ve birbirinden kopuk \u015fekilde g\u00f6stermesi ile belirli bir g\u00f6rsel anlay\u0131\u015f i\u00e7erisinde foto\u011fraflamas\u0131 ayn\u0131 alg\u0131y\u0131 olu\u015fturmaz.<\/p>\n\n\n\n<p class=\"wp-block-paragraph\">Kullan\u0131lan \u0131\u015f\u0131k, kadraj, kamera a\u00e7\u0131s\u0131, renk d\u00fczenlemesi, video ge\u00e7i\u015fleri ve hatta m\u00fczik se\u00e7imi bile&nbsp;<strong>markan\u0131n nas\u0131l alg\u0131land\u0131\u011f\u0131n\u0131 etkileyebilir.<\/strong><\/p>\n\n\n\n<h2 class=\"wp-block-heading\">Sosyal medya ile web sitesi birbirinden kopuk olmamal\u0131<\/h2>\n\n\n\n<p class=\"wp-block-paragraph\">Bir markan\u0131n Instagram hesab\u0131 premium g\u00f6r\u00fcn\u00fcrken web sitesi eski ve da\u011f\u0131n\u0131k g\u00f6r\u00fcn\u00fcyorsa m\u00fc\u015fteri bu fark\u0131 mutlaka hisseder.<\/p>\n\n\n\n<p class=\"wp-block-paragraph\">Ayn\u0131 \u015fekilde sosyal medyada kullan\u0131lan renkler, web sitesinde kullan\u0131lan renklerle; reklam g\u00f6rselleri, kurumsal sunumlarla; foto\u011fraf dili ise marka kimli\u011fiyle uyumlu olmal\u0131d\u0131r.<\/p>\n\n\n\n<p class=\"wp-block-paragraph\">Ama\u00e7 her yerde birebir ayn\u0131 tasar\u0131m\u0131 kullanmak de\u011fildir.<\/p>\n\n\n\n<p class=\"wp-block-paragraph\">Ama\u00e7, farkl\u0131 platformlarda kar\u015f\u0131la\u015f\u0131lsa bile m\u00fc\u015fterinin&nbsp;<strong>ayn\u0131 markayla kar\u015f\u0131 kar\u015f\u0131ya oldu\u011funu hissetmesini sa\u011flamakt\u0131r.<\/strong><\/p>\n\n\n\n<h2 class=\"wp-block-heading\">Marka yenilemek sadece logoyu de\u011fi\u015ftirmek de\u011fildir<\/h2>\n\n\n\n<p class=\"wp-block-paragraph\">Mevcut markalarda s\u0131k g\u00f6rd\u00fc\u011f\u00fcm\u00fcz bir durum da budur.<\/p>\n\n\n\n<p class=\"wp-block-paragraph\">Logo eskimi\u015ftir ve de\u011fi\u015ftirilir. Fakat web sitesi, sosyal medya, kataloglar, sunumlar ve di\u011fer ileti\u015fim materyalleri eski kimlikle devam eder.<\/p>\n\n\n\n<p class=\"wp-block-paragraph\">Bu durumda marka yenilenmi\u015f g\u00f6r\u00fcnmek yerine&nbsp;<strong>iki farkl\u0131 kimlik aras\u0131nda kalm\u0131\u015f<\/strong>&nbsp;gibi g\u00f6r\u00fcnebilir.<\/p>\n\n\n\n<p class=\"wp-block-paragraph\">Sa\u011fl\u0131kl\u0131 bir yenileme s\u00fcrecinde markan\u0131n b\u00fct\u00fcn temas noktalar\u0131 birlikte de\u011ferlendirilmelidir.<\/p>\n\n\n\n<h2 class=\"wp-block-heading\">Kurumsal kimlik bir dosyadan ibaret de\u011fildir<\/h2>\n\n\n\n<p class=\"wp-block-paragraph\">Kurumsal kimlik \u00e7al\u0131\u015fmas\u0131n\u0131n sonunda ortaya \u00e7\u0131kan logo dosyalar\u0131, renk kodlar\u0131 ve font listeleri elbette \u00f6nemlidir.<\/p>\n\n\n\n<p class=\"wp-block-paragraph\">Ancak as\u0131l de\u011fer, bunlar\u0131n g\u00fcnl\u00fck ileti\u015fimde do\u011fru kullan\u0131labilmesindedir.<\/p>\n\n\n\n<p class=\"wp-block-paragraph\">Bu nedenle iyi haz\u0131rlanm\u0131\u015f bir kurumsal kimlik sistemi; tasar\u0131m ekibinin i\u015fini kolayla\u015ft\u0131rmal\u0131, farkl\u0131 zamanlarda farkl\u0131 ki\u015filer taraf\u0131ndan haz\u0131rlanan i\u00e7eriklerin bile&nbsp;<strong>ayn\u0131 marka dilini korumas\u0131n\u0131<\/strong>&nbsp;sa\u011flamal\u0131d\u0131r.<\/p>\n\n\n\n<h2 class=\"wp-block-heading\">AJANS 12&#8217;nin yakla\u015f\u0131m\u0131<\/h2>\n\n\n\n<p class=\"wp-block-paragraph\">AJANS 12 olarak marka kimli\u011fini yaln\u0131zca logo tasar\u0131m\u0131 olarak ele alm\u0131yoruz.<\/p>\n\n\n\n<p class=\"wp-block-paragraph\">Markan\u0131n karakterini, hedef kitlesini ve ileti\u015fim bi\u00e7imini de\u011ferlendirerek&nbsp;<strong>logo, renk, tipografi, g\u00f6rsel dil, foto\u011fraf ve video yakla\u015f\u0131m\u0131, sosyal medya ve dijital platformlar<\/strong>&nbsp;aras\u0131nda b\u00fct\u00fcnl\u00fck olu\u015fturmay\u0131 hedefliyoruz.<\/p>\n\n\n\n<p class=\"wp-block-paragraph\">Yeni bir marka olu\u015ftururken s\u0131f\u0131rdan bir sistem kuruyor, mevcut markalarda ise ihtiya\u00e7 duyulan noktalarda kimli\u011fi yeniden ele al\u0131yoruz.<\/p>\n\n\n\n<p class=\"wp-block-paragraph\">\u00c7\u00fcnk\u00fc g\u00fc\u00e7l\u00fc bir marka yaln\u0131zca\u00a0<strong>tan\u0131nan bir logoya de\u011fil, her temas noktas\u0131nda kendini belli eden tutarl\u0131 bir kimli\u011fe<\/strong> sahip olmal\u0131d\u0131r.<\/p>\n","protected":false},"excerpt":{"rendered":"<p>Bir marka denildi\u011finde \u00e7o\u011fu ki\u015finin akl\u0131na \u00f6nce logo gelir. Oysa logo, markan\u0131n yaln\u0131zca g\u00f6r\u00fcnen par\u00e7alar\u0131ndan biridir.&nbsp;Bir markan\u0131n kimli\u011fi; logosundan renklerine, yaz\u0131 karakterinden foto\u011fraf diline, sosyal medya payla\u015f\u0131mlar\u0131ndan web sitesine kadar uzanan b\u00fct\u00fcnsel bir yap\u0131dan olu\u015fur. Bu nedenle yeni bir marka olu\u015ftururken ya da mevcut bir markay\u0131 yenilerken yaln\u0131zca yeni bir logo tasarlamak \u00e7o\u011fu zaman yeterli [&hellip;]<\/p>\n","protected":false},"author":1,"featured_media":129,"comment_status":"open","ping_status":"open","sticky":false,"template":"","format":"standard","meta":{"footnotes":""},"categories":[7],"tags":[],"class_list":["post-128","post","type-post","status-publish","format-standard","has-post-thumbnail","hentry","category-design"],"yoast_head":"<!-- This site is optimized with the Yoast SEO plugin v28.2 - https:\/\/yoast.com\/product\/yoast-seo-wordpress\/ -->\n<title>Marka Kimli\u011fi Sadece Bir Logodan \u0130baret De\u011fildir. - AJANS 12<\/title>\n<meta name=\"robots\" content=\"index, follow, max-snippet:-1, max-image-preview:large, max-video-preview:-1\" \/>\n<link rel=\"canonical\" href=\"https:\/\/ajans12.com\/?p=128\" \/>\n<meta property=\"og:locale\" content=\"tr_TR\" \/>\n<meta property=\"og:type\" content=\"article\" \/>\n<meta property=\"og:title\" content=\"Marka Kimli\u011fi Sadece Bir Logodan \u0130baret De\u011fildir. - AJANS 12\" \/>\n<meta property=\"og:description\" content=\"Bir marka denildi\u011finde \u00e7o\u011fu ki\u015finin akl\u0131na \u00f6nce logo gelir. Oysa logo, markan\u0131n yaln\u0131zca g\u00f6r\u00fcnen par\u00e7alar\u0131ndan biridir.&nbsp;Bir markan\u0131n kimli\u011fi; logosundan renklerine, yaz\u0131 karakterinden foto\u011fraf diline, sosyal medya payla\u015f\u0131mlar\u0131ndan web sitesine kadar uzanan b\u00fct\u00fcnsel bir yap\u0131dan olu\u015fur. Bu nedenle yeni bir marka olu\u015ftururken ya da mevcut bir markay\u0131 yenilerken yaln\u0131zca yeni bir logo tasarlamak \u00e7o\u011fu zaman yeterli [&hellip;]\" \/>\n<meta property=\"og:url\" content=\"https:\/\/ajans12.com\/?p=128\" \/>\n<meta property=\"og:site_name\" content=\"AJANS 12\" \/>\n<meta property=\"article:published_time\" content=\"2026-08-15T15:20:54+00:00\" \/>\n<meta property=\"og:image\" content=\"https:\/\/ajans12.com\/wp-content\/uploads\/2026\/08\/Logo.jpg\" \/>\n\t<meta property=\"og:image:width\" content=\"1200\" \/>\n\t<meta property=\"og:image:height\" content=\"600\" \/>\n\t<meta property=\"og:image:type\" content=\"image\/jpeg\" \/>\n<meta name=\"author\" content=\"admin\" \/>\n<meta name=\"twitter:card\" content=\"summary_large_image\" \/>\n<meta name=\"twitter:label1\" content=\"Yazan:\" \/>\n\t<meta name=\"twitter:data1\" content=\"admin\" \/>\n\t<meta name=\"twitter:label2\" content=\"Tahmini okuma s\u00fcresi\" \/>\n\t<meta name=\"twitter:data2\" content=\"4 dakika\" \/>\n<script type=\"application\/ld+json\" class=\"yoast-schema-graph\">{\"@context\":\"https:\\\/\\\/schema.org\",\"@graph\":[{\"@type\":\"Article\",\"@id\":\"https:\\\/\\\/ajans12.com\\\/?p=128#article\",\"isPartOf\":{\"@id\":\"https:\\\/\\\/ajans12.com\\\/?p=128\"},\"author\":{\"name\":\"admin\",\"@id\":\"https:\\\/\\\/ajans12.com\\\/#\\\/schema\\\/person\\\/a5eae87817f5755b5f0c94d29b3090c9\"},\"headline\":\"Marka Kimli\u011fi Sadece Bir Logodan \u0130baret De\u011fildir.\",\"datePublished\":\"2026-08-15T15:20:54+00:00\",\"mainEntityOfPage\":{\"@id\":\"https:\\\/\\\/ajans12.com\\\/?p=128\"},\"wordCount\":828,\"commentCount\":0,\"publisher\":{\"@id\":\"https:\\\/\\\/ajans12.com\\\/#organization\"},\"image\":{\"@id\":\"https:\\\/\\\/ajans12.com\\\/?p=128#primaryimage\"},\"thumbnailUrl\":\"https:\\\/\\\/ajans12.com\\\/wp-content\\\/uploads\\\/2026\\\/08\\\/Logo.jpg\",\"articleSection\":[\"Tasar\u0131m Hizmeti\"],\"inLanguage\":\"tr\",\"potentialAction\":[{\"@type\":\"CommentAction\",\"name\":\"Comment\",\"target\":[\"https:\\\/\\\/ajans12.com\\\/?p=128#respond\"]}]},{\"@type\":\"WebPage\",\"@id\":\"https:\\\/\\\/ajans12.com\\\/?p=128\",\"url\":\"https:\\\/\\\/ajans12.com\\\/?p=128\",\"name\":\"Marka Kimli\u011fi Sadece Bir Logodan \u0130baret De\u011fildir. - AJANS 12\",\"isPartOf\":{\"@id\":\"https:\\\/\\\/ajans12.com\\\/#website\"},\"primaryImageOfPage\":{\"@id\":\"https:\\\/\\\/ajans12.com\\\/?p=128#primaryimage\"},\"image\":{\"@id\":\"https:\\\/\\\/ajans12.com\\\/?p=128#primaryimage\"},\"thumbnailUrl\":\"https:\\\/\\\/ajans12.com\\\/wp-content\\\/uploads\\\/2026\\\/08\\\/Logo.jpg\",\"datePublished\":\"2026-08-15T15:20:54+00:00\",\"breadcrumb\":{\"@id\":\"https:\\\/\\\/ajans12.com\\\/?p=128#breadcrumb\"},\"inLanguage\":\"tr\",\"potentialAction\":[{\"@type\":\"ReadAction\",\"target\":[\"https:\\\/\\\/ajans12.com\\\/?p=128\"]}]},{\"@type\":\"ImageObject\",\"inLanguage\":\"tr\",\"@id\":\"https:\\\/\\\/ajans12.com\\\/?p=128#primaryimage\",\"url\":\"https:\\\/\\\/ajans12.com\\\/wp-content\\\/uploads\\\/2026\\\/08\\\/Logo.jpg\",\"contentUrl\":\"https:\\\/\\\/ajans12.com\\\/wp-content\\\/uploads\\\/2026\\\/08\\\/Logo.jpg\",\"width\":1200,\"height\":600},{\"@type\":\"BreadcrumbList\",\"@id\":\"https:\\\/\\\/ajans12.com\\\/?p=128#breadcrumb\",\"itemListElement\":[{\"@type\":\"ListItem\",\"position\":1,\"name\":\"Anasayfa\",\"item\":\"https:\\\/\\\/ajans12.com\\\/\"},{\"@type\":\"ListItem\",\"position\":2,\"name\":\"Marka Kimli\u011fi Sadece Bir Logodan \u0130baret De\u011fildir.\"}]},{\"@type\":\"WebSite\",\"@id\":\"https:\\\/\\\/ajans12.com\\\/#website\",\"url\":\"https:\\\/\\\/ajans12.com\\\/\",\"name\":\"AJANS 12\",\"description\":\"Markan\u0131z\u0131 G\u00f6r\u00fcn\u00fcr, Hik\u00e2yenizi Unutulmaz K\u0131l\u0131yoruz.\",\"publisher\":{\"@id\":\"https:\\\/\\\/ajans12.com\\\/#organization\"},\"potentialAction\":[{\"@type\":\"SearchAction\",\"target\":{\"@type\":\"EntryPoint\",\"urlTemplate\":\"https:\\\/\\\/ajans12.com\\\/?s={search_term_string}\"},\"query-input\":{\"@type\":\"PropertyValueSpecification\",\"valueRequired\":true,\"valueName\":\"search_term_string\"}}],\"inLanguage\":\"tr\"},{\"@type\":\"Organization\",\"@id\":\"https:\\\/\\\/ajans12.com\\\/#organization\",\"name\":\"AJANS 12\",\"url\":\"https:\\\/\\\/ajans12.com\\\/\",\"logo\":{\"@type\":\"ImageObject\",\"inLanguage\":\"tr\",\"@id\":\"https:\\\/\\\/ajans12.com\\\/#\\\/schema\\\/logo\\\/image\\\/\",\"url\":\"https:\\\/\\\/ajans12.com\\\/wp-content\\\/uploads\\\/2026\\\/08\\\/cropped-Ajans_12_Vector_Logo_3D_200px.png\",\"contentUrl\":\"https:\\\/\\\/ajans12.com\\\/wp-content\\\/uploads\\\/2026\\\/08\\\/cropped-Ajans_12_Vector_Logo_3D_200px.png\",\"width\":200,\"height\":178,\"caption\":\"AJANS 12\"},\"image\":{\"@id\":\"https:\\\/\\\/ajans12.com\\\/#\\\/schema\\\/logo\\\/image\\\/\"}},{\"@type\":\"Person\",\"@id\":\"https:\\\/\\\/ajans12.com\\\/#\\\/schema\\\/person\\\/a5eae87817f5755b5f0c94d29b3090c9\",\"name\":\"admin\",\"image\":{\"@type\":\"ImageObject\",\"inLanguage\":\"tr\",\"@id\":\"https:\\\/\\\/secure.gravatar.com\\\/avatar\\\/471c118e7893ae3149fb362a87a71f0f3dac44a698299b48de6d52b3d8be5d60?s=96&d=mm&r=g\",\"url\":\"https:\\\/\\\/secure.gravatar.com\\\/avatar\\\/471c118e7893ae3149fb362a87a71f0f3dac44a698299b48de6d52b3d8be5d60?s=96&d=mm&r=g\",\"contentUrl\":\"https:\\\/\\\/secure.gravatar.com\\\/avatar\\\/471c118e7893ae3149fb362a87a71f0f3dac44a698299b48de6d52b3d8be5d60?s=96&d=mm&r=g\",\"caption\":\"admin\"},\"sameAs\":[\"https:\\\/\\\/ajans12.com\"],\"url\":\"https:\\\/\\\/ajans12.com\\\/?author=1\"}]}<\/script>\n<!-- \/ Yoast SEO plugin. -->","yoast_head_json":{"title":"Marka Kimli\u011fi Sadece Bir Logodan \u0130baret De\u011fildir. - AJANS 12","robots":{"index":"index","follow":"follow","max-snippet":"max-snippet:-1","max-image-preview":"max-image-preview:large","max-video-preview":"max-video-preview:-1"},"canonical":"https:\/\/ajans12.com\/?p=128","og_locale":"tr_TR","og_type":"article","og_title":"Marka Kimli\u011fi Sadece Bir Logodan \u0130baret De\u011fildir. - AJANS 12","og_description":"Bir marka denildi\u011finde \u00e7o\u011fu ki\u015finin akl\u0131na \u00f6nce logo gelir. Oysa logo, markan\u0131n yaln\u0131zca g\u00f6r\u00fcnen par\u00e7alar\u0131ndan biridir.&nbsp;Bir markan\u0131n kimli\u011fi; logosundan renklerine, yaz\u0131 karakterinden foto\u011fraf diline, sosyal medya payla\u015f\u0131mlar\u0131ndan web sitesine kadar uzanan b\u00fct\u00fcnsel bir yap\u0131dan olu\u015fur. Bu nedenle yeni bir marka olu\u015ftururken ya da mevcut bir markay\u0131 yenilerken yaln\u0131zca yeni bir logo tasarlamak \u00e7o\u011fu zaman yeterli [&hellip;]","og_url":"https:\/\/ajans12.com\/?p=128","og_site_name":"AJANS 12","article_published_time":"2026-08-15T15:20:54+00:00","og_image":[{"width":1200,"height":600,"url":"https:\/\/ajans12.com\/wp-content\/uploads\/2026\/08\/Logo.jpg","type":"image\/jpeg"}],"author":"admin","twitter_card":"summary_large_image","twitter_misc":{"Yazan:":"admin","Tahmini okuma s\u00fcresi":"4 dakika"},"schema":{"@context":"https:\/\/schema.org","@graph":[{"@type":"Article","@id":"https:\/\/ajans12.com\/?p=128#article","isPartOf":{"@id":"https:\/\/ajans12.com\/?p=128"},"author":{"name":"admin","@id":"https:\/\/ajans12.com\/#\/schema\/person\/a5eae87817f5755b5f0c94d29b3090c9"},"headline":"Marka Kimli\u011fi Sadece Bir Logodan \u0130baret De\u011fildir.","datePublished":"2026-08-15T15:20:54+00:00","mainEntityOfPage":{"@id":"https:\/\/ajans12.com\/?p=128"},"wordCount":828,"commentCount":0,"publisher":{"@id":"https:\/\/ajans12.com\/#organization"},"image":{"@id":"https:\/\/ajans12.com\/?p=128#primaryimage"},"thumbnailUrl":"https:\/\/ajans12.com\/wp-content\/uploads\/2026\/08\/Logo.jpg","articleSection":["Tasar\u0131m Hizmeti"],"inLanguage":"tr","potentialAction":[{"@type":"CommentAction","name":"Comment","target":["https:\/\/ajans12.com\/?p=128#respond"]}]},{"@type":"WebPage","@id":"https:\/\/ajans12.com\/?p=128","url":"https:\/\/ajans12.com\/?p=128","name":"Marka Kimli\u011fi Sadece Bir Logodan \u0130baret De\u011fildir. - AJANS 12","isPartOf":{"@id":"https:\/\/ajans12.com\/#website"},"primaryImageOfPage":{"@id":"https:\/\/ajans12.com\/?p=128#primaryimage"},"image":{"@id":"https:\/\/ajans12.com\/?p=128#primaryimage"},"thumbnailUrl":"https:\/\/ajans12.com\/wp-content\/uploads\/2026\/08\/Logo.jpg","datePublished":"2026-08-15T15:20:54+00:00","breadcrumb":{"@id":"https:\/\/ajans12.com\/?p=128#breadcrumb"},"inLanguage":"tr","potentialAction":[{"@type":"ReadAction","target":["https:\/\/ajans12.com\/?p=128"]}]},{"@type":"ImageObject","inLanguage":"tr","@id":"https:\/\/ajans12.com\/?p=128#primaryimage","url":"https:\/\/ajans12.com\/wp-content\/uploads\/2026\/08\/Logo.jpg","contentUrl":"https:\/\/ajans12.com\/wp-content\/uploads\/2026\/08\/Logo.jpg","width":1200,"height":600},{"@type":"BreadcrumbList","@id":"https:\/\/ajans12.com\/?p=128#breadcrumb","itemListElement":[{"@type":"ListItem","position":1,"name":"Anasayfa","item":"https:\/\/ajans12.com\/"},{"@type":"ListItem","position":2,"name":"Marka Kimli\u011fi Sadece Bir Logodan \u0130baret De\u011fildir."}]},{"@type":"WebSite","@id":"https:\/\/ajans12.com\/#website","url":"https:\/\/ajans12.com\/","name":"AJANS 12","description":"Markan\u0131z\u0131 G\u00f6r\u00fcn\u00fcr, Hik\u00e2yenizi Unutulmaz K\u0131l\u0131yoruz.","publisher":{"@id":"https:\/\/ajans12.com\/#organization"},"potentialAction":[{"@type":"SearchAction","target":{"@type":"EntryPoint","urlTemplate":"https:\/\/ajans12.com\/?s={search_term_string}"},"query-input":{"@type":"PropertyValueSpecification","valueRequired":true,"valueName":"search_term_string"}}],"inLanguage":"tr"},{"@type":"Organization","@id":"https:\/\/ajans12.com\/#organization","name":"AJANS 12","url":"https:\/\/ajans12.com\/","logo":{"@type":"ImageObject","inLanguage":"tr","@id":"https:\/\/ajans12.com\/#\/schema\/logo\/image\/","url":"https:\/\/ajans12.com\/wp-content\/uploads\/2026\/08\/cropped-Ajans_12_Vector_Logo_3D_200px.png","contentUrl":"https:\/\/ajans12.com\/wp-content\/uploads\/2026\/08\/cropped-Ajans_12_Vector_Logo_3D_200px.png","width":200,"height":178,"caption":"AJANS 12"},"image":{"@id":"https:\/\/ajans12.com\/#\/schema\/logo\/image\/"}},{"@type":"Person","@id":"https:\/\/ajans12.com\/#\/schema\/person\/a5eae87817f5755b5f0c94d29b3090c9","name":"admin","image":{"@type":"ImageObject","inLanguage":"tr","@id":"https:\/\/secure.gravatar.com\/avatar\/471c118e7893ae3149fb362a87a71f0f3dac44a698299b48de6d52b3d8be5d60?s=96&d=mm&r=g","url":"https:\/\/secure.gravatar.com\/avatar\/471c118e7893ae3149fb362a87a71f0f3dac44a698299b48de6d52b3d8be5d60?s=96&d=mm&r=g","contentUrl":"https:\/\/secure.gravatar.com\/avatar\/471c118e7893ae3149fb362a87a71f0f3dac44a698299b48de6d52b3d8be5d60?s=96&d=mm&r=g","caption":"admin"},"sameAs":["https:\/\/ajans12.com"],"url":"https:\/\/ajans12.com\/?author=1"}]}},"_links":{"self":[{"href":"https:\/\/ajans12.com\/index.php?rest_route=\/wp\/v2\/posts\/128","targetHints":{"allow":["GET"]}}],"collection":[{"href":"https:\/\/ajans12.com\/index.php?rest_route=\/wp\/v2\/posts"}],"about":[{"href":"https:\/\/ajans12.com\/index.php?rest_route=\/wp\/v2\/types\/post"}],"author":[{"embeddable":true,"href":"https:\/\/ajans12.com\/index.php?rest_route=\/wp\/v2\/users\/1"}],"replies":[{"embeddable":true,"href":"https:\/\/ajans12.com\/index.php?rest_route=%2Fwp%2Fv2%2Fcomments&post=128"}],"version-history":[{"count":1,"href":"https:\/\/ajans12.com\/index.php?rest_route=\/wp\/v2\/posts\/128\/revisions"}],"predecessor-version":[{"id":130,"href":"https:\/\/ajans12.com\/index.php?rest_route=\/wp\/v2\/posts\/128\/revisions\/130"}],"wp:featuredmedia":[{"embeddable":true,"href":"https:\/\/ajans12.com\/index.php?rest_route=\/wp\/v2\/media\/129"}],"wp:attachment":[{"href":"https:\/\/ajans12.com\/index.php?rest_route=%2Fwp%2Fv2%2Fmedia&parent=128"}],"wp:term":[{"taxonomy":"category","embeddable":true,"href":"https:\/\/ajans12.com\/index.php?rest_route=%2Fwp%2Fv2%2Fcategories&post=128"},{"taxonomy":"post_tag","embeddable":true,"href":"https:\/\/ajans12.com\/index.php?rest_route=%2Fwp%2Fv2%2Ftags&post=128"}],"curies":[{"name":"wp","href":"https:\/\/api.w.org\/{rel}","templated":true}]}}