{"id":133,"date":"2026-08-15T16:20:29","date_gmt":"2026-08-15T16:20:29","guid":{"rendered":"https:\/\/ajans12.com\/?p=133"},"modified":"2026-08-15T16:21:02","modified_gmt":"2026-08-15T16:21:02","slug":"sosyal-medyada-guzel-gorunmek-ile-guven-vermek-ayni-sey-degildir","status":"publish","type":"post","link":"https:\/\/ajans12.com\/?p=133","title":{"rendered":"Sosyal Medyada G\u00fczel G\u00f6r\u00fcnmek ile G\u00fcven Vermek Ayn\u0131 \u015eey De\u011fildir."},"content":{"rendered":"\n<p class=\"wp-block-paragraph\">Bir markan\u0131n sosyal medya hesab\u0131na girdi\u011finizde ilk birka\u00e7 saniyede bir fikir olu\u015fur.<\/p>\n\n\n\n<p class=\"wp-block-paragraph\">Logo d\u00fczg\u00fcn m\u00fc?<br>Foto\u011fraflar kaliteli mi?<br>Renkler birbiriyle uyumlu mu?<br>Profil d\u00fczenli mi?<\/p>\n\n\n\n<p class=\"wp-block-paragraph\">Bunlar\u0131n tamam\u0131 \u00f6nemli. Ancak iyi g\u00f6r\u00fcnen bir sosyal medya hesab\u0131 ile&nbsp;<strong>g\u00fcven veren bir marka<\/strong>&nbsp;ayn\u0131 \u015fey de\u011fildir.<\/p>\n\n\n\n<p class=\"wp-block-paragraph\">\u00c7\u00fcnk\u00fc sosyal medya art\u0131k yaln\u0131zca markan\u0131n vitrini de\u011fil; m\u00fc\u015fterinin marka hakk\u0131nda karar vermeden \u00f6nce yapt\u0131\u011f\u0131 k\u00fc\u00e7\u00fck bir ara\u015ft\u0131rma alan\u0131 haline geldi.<\/p>\n\n\n\n<h2 class=\"wp-block-heading\">M\u00fc\u015fteri art\u0131k sadece payla\u015f\u0131ma bakm\u0131yor<\/h2>\n\n\n\n<p class=\"wp-block-paragraph\">Bir m\u00fc\u015fteri bir \u015firketle \u00e7al\u0131\u015fmadan \u00f6nce art\u0131k yaln\u0131zca web sitesine bakm\u0131yor.<\/p>\n\n\n\n<p class=\"wp-block-paragraph\">Instagram hesab\u0131na giriyor.<br>Eski payla\u015f\u0131mlar\u0131 inceliyor.<br>Videolara bak\u0131yor.<br>\u00c7al\u0131\u015fanlar\u0131 veya mekan\u0131 g\u00f6rmek istiyor.<br>Yapt\u0131\u011f\u0131 i\u015fleri ara\u015ft\u0131r\u0131yor.<br>Hatta bazen markan\u0131n birka\u00e7 ay \u00f6nce nas\u0131l g\u00f6r\u00fcnd\u00fc\u011f\u00fcne kadar gidiyor.<\/p>\n\n\n\n<p class=\"wp-block-paragraph\">Burada kar\u015f\u0131la\u015f\u0131lan i\u00e7eriklerin birbirinden kopuk olmas\u0131, markan\u0131n g\u00fcvenilirli\u011fi hakk\u0131nda d\u00fc\u015f\u00fcnd\u00fc\u011f\u00fcm\u00fczden daha fazla \u015fey s\u00f6yleyebilir.<\/p>\n\n\n\n<p class=\"wp-block-paragraph\">Bug\u00fcn \u00e7ok profesyonel g\u00f6r\u00fcnen, yar\u0131n tamamen farkl\u0131 bir tasar\u0131mla kar\u015f\u0131la\u015fan bir hesap&nbsp;<strong>markan\u0131n kimli\u011finin oturmad\u0131\u011f\u0131<\/strong>&nbsp;izlenimini yaratabilir.<\/p>\n\n\n\n<h2 class=\"wp-block-heading\">Fazla kusursuz i\u00e7erik de sorun olabilir<\/h2>\n\n\n\n<p class=\"wp-block-paragraph\">Sosyal medyada herkes en iyi foto\u011fraf\u0131n\u0131 payla\u015fmak istiyor. Bu anla\u015f\u0131l\u0131r bir \u015fey.<\/p>\n\n\n\n<p class=\"wp-block-paragraph\">Fakat her \u015feyin a\u015f\u0131r\u0131 kusursuz, a\u015f\u0131r\u0131 i\u015flenmi\u015f ve birbirinin ayn\u0131 oldu\u011fu bir d\u00fcnyada ger\u00e7eklik de de\u011fer kazan\u0131yor.<\/p>\n\n\n\n<p class=\"wp-block-paragraph\">Bir restoran\u0131 tan\u0131t\u0131yorsan\u0131z yaln\u0131zca katalog gibi haz\u0131rlanm\u0131\u015f yemek foto\u011fraflar\u0131 de\u011fil,&nbsp;<strong>mekan\u0131n ger\u00e7ekten nas\u0131l g\u00f6r\u00fcnd\u00fc\u011f\u00fcn\u00fc<\/strong>&nbsp;de g\u00f6stermek gerekir.<\/p>\n\n\n\n<p class=\"wp-block-paragraph\">Bir otel i\u00e7in yaln\u0131zca en g\u00fczel oda foto\u011fraf\u0131n\u0131 de\u011fil, lobiyi, ortak alanlar\u0131 ve \u00e7evreyi de anlatmak gerekir.<\/p>\n\n\n\n<p class=\"wp-block-paragraph\">Bir \u015firket i\u00e7in yaln\u0131zca logoyu de\u011fil,&nbsp;<strong>insanlar\u0131, \u00e7al\u0131\u015fma ortam\u0131n\u0131 ve yapt\u0131\u011f\u0131 i\u015fi<\/strong>&nbsp;g\u00f6stermek gerekir.<\/p>\n\n\n\n<p class=\"wp-block-paragraph\">\u00c7\u00fcnk\u00fc m\u00fc\u015fteri sat\u0131n almadan \u00f6nce yaln\u0131zca \u201cg\u00fczel\u201d bir \u015fey g\u00f6rmek istemez.<\/p>\n\n\n\n<p class=\"wp-block-paragraph\"><strong>Ger\u00e7ek olan\u0131 g\u00f6rmek ister.<\/strong><\/p>\n\n\n\n<h2 class=\"wp-block-heading\">Foto\u011fraf burada \u00e7ok \u00f6nemli<\/h2>\n\n\n\n<p class=\"wp-block-paragraph\">K\u00f6t\u00fc \u00e7ekilmi\u015f bir foto\u011fraf bazen iyi bir markay\u0131 bile oldu\u011fundan daha zay\u0131f g\u00f6sterebilir.<\/p>\n\n\n\n<p class=\"wp-block-paragraph\">Ama bunun tersi de ge\u00e7erlidir.<\/p>\n\n\n\n<p class=\"wp-block-paragraph\">Do\u011fru \u0131\u015f\u0131k, do\u011fru kadraj, do\u011fru a\u00e7\u0131 ve do\u011fru renk kullan\u0131m\u0131 bir \u00fcr\u00fcn\u00fcn, mekan\u0131n veya hizmetin alg\u0131s\u0131n\u0131 ciddi bi\u00e7imde de\u011fi\u015ftirebilir.<\/p>\n\n\n\n<p class=\"wp-block-paragraph\">\u00d6zellikle sosyal medya i\u00e7in yap\u0131lan \u00e7ekimlerde yaln\u0131zca \u201cg\u00fczel foto\u011fraf \u00e7ekelim\u201d yakla\u015f\u0131m\u0131 yeterli de\u011fildir.<\/p>\n\n\n\n<p class=\"wp-block-paragraph\">Foto\u011fraf\u0131n nerede kullan\u0131laca\u011f\u0131 da \u00f6nceden d\u00fc\u015f\u00fcn\u00fclmelidir.<\/p>\n\n\n\n<p class=\"wp-block-paragraph\">Instagram g\u00f6nderisi i\u00e7in ba\u015fka, hik\u00e2ye i\u00e7in ba\u015fka, reklam i\u00e7in ba\u015fka, web sitesi i\u00e7in ba\u015fka bir kadraj gerekebilir.<\/p>\n\n\n\n<p class=\"wp-block-paragraph\">Bu y\u00fczden iyi sosyal medya i\u00e7eri\u011fi \u00e7o\u011fu zaman&nbsp;<strong>\u00e7ekim ba\u015flamadan \u00f6nce planlan\u0131r.<\/strong><\/p>\n\n\n\n<h2 class=\"wp-block-heading\">Video daha da g\u00fc\u00e7l\u00fc bir ara\u00e7<\/h2>\n\n\n\n<p class=\"wp-block-paragraph\">Video bize foto\u011fraftan farkl\u0131 bir imkan verir:<\/p>\n\n\n\n<p class=\"wp-block-paragraph\"><strong>Hareket.<\/strong><\/p>\n\n\n\n<p class=\"wp-block-paragraph\">Bir mekan\u0131n atmosferini, bir \u00fcr\u00fcn\u00fcn kullan\u0131m\u0131n\u0131, bir \u00e7al\u0131\u015fan\u0131n i\u015fini veya bir projenin geli\u015fimini birka\u00e7 saniye i\u00e7inde anlatabilir.<\/p>\n\n\n\n<p class=\"wp-block-paragraph\">Ancak burada da ayn\u0131 hata yap\u0131labiliyor.<\/p>\n\n\n\n<p class=\"wp-block-paragraph\">Her videoyu ayn\u0131 m\u00fczik, ayn\u0131 ge\u00e7i\u015f ve ayn\u0131 tempoyla haz\u0131rlamak.<\/p>\n\n\n\n<p class=\"wp-block-paragraph\">Sonu\u00e7ta i\u00e7erik varm\u0131\u015f gibi g\u00f6r\u00fcn\u00fcr ama marka hakk\u0131nda \u00e7ok az \u015fey s\u00f6yler.<\/p>\n\n\n\n<p class=\"wp-block-paragraph\">\u0130yi video yaln\u0131zca hareketli g\u00f6r\u00fcnt\u00fc de\u011fildir.<\/p>\n\n\n\n<p class=\"wp-block-paragraph\"><strong>Bir amac\u0131 vard\u0131r.<\/strong><\/p>\n\n\n\n<p class=\"wp-block-paragraph\">\u0130zleyici videonun sonunda ne anlamal\u0131?<\/p>\n\n\n\n<p class=\"wp-block-paragraph\">Neyi hat\u0131rlamal\u0131?<\/p>\n\n\n\n<p class=\"wp-block-paragraph\">Markayla ilgili hangi d\u00fc\u015f\u00fcnce olu\u015fmal\u0131?<\/p>\n\n\n\n<p class=\"wp-block-paragraph\">Bunlar belirlenmeden haz\u0131rlanan videolar k\u0131sa s\u00fcreli izlenme sa\u011flayabilir ama kal\u0131c\u0131 bir marka de\u011feri olu\u015fturmayabilir.<\/p>\n\n\n\n<h2 class=\"wp-block-heading\">Sosyal medya \u201cstok foto\u011fraf alb\u00fcm\u00fc\u201d de\u011fildir<\/h2>\n\n\n\n<p class=\"wp-block-paragraph\">Markalar\u0131n bazen yapt\u0131\u011f\u0131 bir ba\u015fka hata da sosyal medya hesab\u0131n\u0131 haz\u0131r g\u00f6rsellerle doldurmak.<\/p>\n\n\n\n<p class=\"wp-block-paragraph\">Elbette uygun durumlarda stok g\u00f6rseller kullan\u0131labilir. Ancak s\u00fcrekli stok foto\u011fraf kullanmak markan\u0131n kendisini g\u00f6r\u00fcnmez hale getirir.<\/p>\n\n\n\n<p class=\"wp-block-paragraph\">Bir m\u00fc\u015fteri markan\u0131n sosyal medya hesab\u0131nda kendi i\u015fletmesini, \u00e7al\u0131\u015fanlar\u0131n\u0131, \u00fcr\u00fcnlerini veya ger\u00e7ek projelerini g\u00f6rmek ister.<\/p>\n\n\n\n<p class=\"wp-block-paragraph\"><strong>Sizin yerinize ba\u015fka bir i\u015fletmenin foto\u011fraf\u0131n\u0131 g\u00f6rmek istemez.<\/strong><\/p>\n\n\n\n<p class=\"wp-block-paragraph\">Bu nedenle m\u00fcmk\u00fcn oldu\u011fu kadar ger\u00e7ek markaya ait ger\u00e7ek i\u00e7erikler \u00fcretmek gerekir.<\/p>\n\n\n\n<h2 class=\"wp-block-heading\">\u0130\u00e7erik sadece tasar\u0131mc\u0131n\u0131n i\u015fi de\u011fildir<\/h2>\n\n\n\n<p class=\"wp-block-paragraph\">Burada m\u00fc\u015fterinin de \u00f6nemli bir sorumlulu\u011fu var.<\/p>\n\n\n\n<p class=\"wp-block-paragraph\">Ajansa:<\/p>\n\n\n\n<blockquote class=\"wp-block-quote is-layout-flow wp-block-quote-is-layout-flow\">\n<p class=\"wp-block-paragraph\">\u201cBize sosyal medya i\u00e7in 10 tane post haz\u0131rlay\u0131n.\u201d<\/p>\n<\/blockquote>\n\n\n\n<p class=\"wp-block-paragraph\">demek tek ba\u015f\u0131na yeterli de\u011fil.<\/p>\n\n\n\n<p class=\"wp-block-paragraph\">\u00d6ncelikle \u015fu sorular\u0131 birlikte cevaplamak gerekir:<\/p>\n\n\n\n<p class=\"wp-block-paragraph\">Bu ay ne anlataca\u011f\u0131z?<\/p>\n\n\n\n<p class=\"wp-block-paragraph\">Hangi \u00fcr\u00fcn veya hizmet \u00f6ne \u00e7\u0131kacak?<\/p>\n\n\n\n<p class=\"wp-block-paragraph\">Hangi konuda foto\u011fraf \u00e7ekilmeli?<\/p>\n\n\n\n<p class=\"wp-block-paragraph\">Hangi konuyu video ile anlatmak daha do\u011fru?<\/p>\n\n\n\n<p class=\"wp-block-paragraph\">M\u00fc\u015fteriler en \u00e7ok neyi merak ediyor?<\/p>\n\n\n\n<p class=\"wp-block-paragraph\">Rakiplerden hangi konuda ayr\u0131\u015f\u0131yoruz?<\/p>\n\n\n\n<p class=\"wp-block-paragraph\">\u00c7\u00fcnk\u00fc sosyal medya i\u00e7eri\u011fi yaln\u0131zca tasar\u0131m masas\u0131ndan \u00e7\u0131kmaz.<\/p>\n\n\n\n<p class=\"wp-block-paragraph\"><strong>\u0130\u00e7eri\u011fin kayna\u011f\u0131 i\u015fletmenin kendisidir.<\/strong><\/p>\n\n\n\n<p class=\"wp-block-paragraph\">Ajans\u0131n g\u00f6revi ise bu bilgiyi do\u011fru hik\u00e2yeye ve do\u011fru g\u00f6rsel dile d\u00f6n\u00fc\u015ft\u00fcrmektir.<\/p>\n\n\n\n<h2 class=\"wp-block-heading\">G\u00fcven, tutarl\u0131l\u0131ktan gelir<\/h2>\n\n\n\n<p class=\"wp-block-paragraph\">Bir markan\u0131n sosyal medyada g\u00fcven vermesinin en \u00f6nemli unsurlar\u0131ndan biri de&nbsp;<strong>tutarl\u0131l\u0131kt\u0131r.<\/strong><\/p>\n\n\n\n<p class=\"wp-block-paragraph\">Ayn\u0131 renk dili.<\/p>\n\n\n\n<p class=\"wp-block-paragraph\">Ayn\u0131 tipografik yakla\u015f\u0131m.<\/p>\n\n\n\n<p class=\"wp-block-paragraph\">Benzer foto\u011fraf anlay\u0131\u015f\u0131.<\/p>\n\n\n\n<p class=\"wp-block-paragraph\">Do\u011fru yaz\u0131m dili.<\/p>\n\n\n\n<p class=\"wp-block-paragraph\">Planl\u0131 i\u00e7erik.<\/p>\n\n\n\n<p class=\"wp-block-paragraph\">Ger\u00e7ek projeler.<\/p>\n\n\n\n<p class=\"wp-block-paragraph\">Bunlar bir araya geldi\u011finde m\u00fc\u015fteri marka hakk\u0131nda daha net bir fikir olu\u015fturur.<\/p>\n\n\n\n<p class=\"wp-block-paragraph\">Bu y\u00fczden sosyal medya y\u00f6netimi yaln\u0131zca \u201cbug\u00fcn ne payla\u015fal\u0131m?\u201d sorusuna cevap vermek de\u011fildir.<\/p>\n\n\n\n<p class=\"wp-block-paragraph\">As\u0131l soru \u015fudur:<\/p>\n\n\n\n<p class=\"wp-block-paragraph\"><strong>\u201cM\u00fc\u015fteri \u00fc\u00e7 ay sonra bu hesab\u0131n tamam\u0131na bakt\u0131\u011f\u0131nda markam\u0131z hakk\u0131nda ne d\u00fc\u015f\u00fcns\u00fcn?\u201d<\/strong><\/p>\n\n\n\n<h2 class=\"wp-block-heading\">AJANS 12&#8217;nin yakla\u015f\u0131m\u0131<\/h2>\n\n\n\n<p class=\"wp-block-paragraph\">AJANS 12 olarak sosyal medya \u00e7al\u0131\u015fmalar\u0131nda yaln\u0131zca g\u00f6rsel \u00fcretmeye odaklanm\u0131yoruz.<\/p>\n\n\n\n<p class=\"wp-block-paragraph\">Markan\u0131n nas\u0131l g\u00f6r\u00fcnmesi gerekti\u011fini, hangi i\u00e7eriklere ihtiya\u00e7 duydu\u011funu, hangi g\u00f6r\u00fcnt\u00fclerin \u00e7ekilmesinin faydal\u0131 olaca\u011f\u0131n\u0131 ve bunlar\u0131n nas\u0131l bir i\u00e7erik plan\u0131 i\u00e7erisinde kullan\u0131laca\u011f\u0131n\u0131 birlikte de\u011ferlendiriyoruz.<\/p>\n\n\n\n<p class=\"wp-block-paragraph\">Foto\u011fraf, video, grafik tasar\u0131m ve metinleri birbirinden ba\u011f\u0131ms\u0131z de\u011fil,&nbsp;<strong>ayn\u0131 marka ileti\u015fiminin par\u00e7alar\u0131<\/strong>&nbsp;olarak ele al\u0131yoruz.<\/p>\n\n\n\n<p class=\"wp-block-paragraph\">\u00c7\u00fcnk\u00fc sosyal medyada ama\u00e7 yaln\u0131zca g\u00fczel g\u00f6r\u00fcnmek de\u011fil.<\/p>\n\n\n\n<p class=\"wp-block-paragraph\"><strong>G\u00fczel g\u00f6r\u00fcn\u00fcrken ger\u00e7ek olmak, ger\u00e7ek olurken de g\u00fcven vermek.<\/strong><\/p>\n\n\n\n<p class=\"wp-block-paragraph\">Ve bug\u00fcn bir m\u00fc\u015fterinin markan\u0131zla ilgili ilk izlenimi \u00e7o\u011fu zaman ofisinizde de\u011fil,&nbsp;<strong>telefonunun ekran\u0131nda olu\u015fuyor.<\/strong><\/p>\n","protected":false},"excerpt":{"rendered":"<p>Bir markan\u0131n sosyal medya hesab\u0131na girdi\u011finizde ilk birka\u00e7 saniyede bir fikir olu\u015fur. Logo d\u00fczg\u00fcn m\u00fc?Foto\u011fraflar kaliteli mi?Renkler birbiriyle uyumlu mu?Profil d\u00fczenli mi? Bunlar\u0131n tamam\u0131 \u00f6nemli. Ancak iyi g\u00f6r\u00fcnen bir sosyal medya hesab\u0131 ile&nbsp;g\u00fcven veren bir marka&nbsp;ayn\u0131 \u015fey de\u011fildir. \u00c7\u00fcnk\u00fc sosyal medya art\u0131k yaln\u0131zca markan\u0131n vitrini de\u011fil; m\u00fc\u015fterinin marka hakk\u0131nda karar vermeden \u00f6nce yapt\u0131\u011f\u0131 k\u00fc\u00e7\u00fck bir [&hellip;]<\/p>\n","protected":false},"author":1,"featured_media":134,"comment_status":"open","ping_status":"open","sticky":false,"template":"","format":"standard","meta":{"footnotes":""},"categories":[25],"tags":[],"class_list":["post-133","post","type-post","status-publish","format-standard","has-post-thumbnail","hentry","category-sosyal-medya"],"yoast_head":"<!-- This site is optimized with the Yoast SEO plugin v28.2 - https:\/\/yoast.com\/product\/yoast-seo-wordpress\/ -->\n<title>Sosyal Medyada G\u00fczel G\u00f6r\u00fcnmek ile G\u00fcven Vermek Ayn\u0131 \u015eey De\u011fildir. - AJANS 12<\/title>\n<meta name=\"robots\" content=\"index, follow, max-snippet:-1, max-image-preview:large, max-video-preview:-1\" \/>\n<link rel=\"canonical\" href=\"https:\/\/ajans12.com\/?p=133\" \/>\n<meta property=\"og:locale\" content=\"tr_TR\" \/>\n<meta property=\"og:type\" content=\"article\" \/>\n<meta property=\"og:title\" content=\"Sosyal Medyada G\u00fczel G\u00f6r\u00fcnmek ile G\u00fcven Vermek Ayn\u0131 \u015eey De\u011fildir. - AJANS 12\" \/>\n<meta property=\"og:description\" content=\"Bir markan\u0131n sosyal medya hesab\u0131na girdi\u011finizde ilk birka\u00e7 saniyede bir fikir olu\u015fur. Logo d\u00fczg\u00fcn m\u00fc?Foto\u011fraflar kaliteli mi?Renkler birbiriyle uyumlu mu?Profil d\u00fczenli mi? Bunlar\u0131n tamam\u0131 \u00f6nemli. Ancak iyi g\u00f6r\u00fcnen bir sosyal medya hesab\u0131 ile&nbsp;g\u00fcven veren bir marka&nbsp;ayn\u0131 \u015fey de\u011fildir. \u00c7\u00fcnk\u00fc sosyal medya art\u0131k yaln\u0131zca markan\u0131n vitrini de\u011fil; m\u00fc\u015fterinin marka hakk\u0131nda karar vermeden \u00f6nce yapt\u0131\u011f\u0131 k\u00fc\u00e7\u00fck bir [&hellip;]\" \/>\n<meta property=\"og:url\" content=\"https:\/\/ajans12.com\/?p=133\" \/>\n<meta property=\"og:site_name\" content=\"AJANS 12\" \/>\n<meta property=\"article:published_time\" content=\"2026-08-15T16:20:29+00:00\" \/>\n<meta property=\"article:modified_time\" content=\"2026-08-15T16:21:02+00:00\" \/>\n<meta property=\"og:image\" content=\"https:\/\/ajans12.com\/wp-content\/uploads\/2026\/08\/social_brand.jpg\" \/>\n\t<meta property=\"og:image:width\" content=\"1200\" \/>\n\t<meta property=\"og:image:height\" content=\"600\" \/>\n\t<meta property=\"og:image:type\" content=\"image\/jpeg\" \/>\n<meta name=\"author\" content=\"admin\" \/>\n<meta name=\"twitter:card\" content=\"summary_large_image\" \/>\n<meta name=\"twitter:label1\" content=\"Yazan:\" \/>\n\t<meta name=\"twitter:data1\" content=\"admin\" \/>\n\t<meta name=\"twitter:label2\" content=\"Tahmini okuma s\u00fcresi\" \/>\n\t<meta name=\"twitter:data2\" content=\"1 dakika\" \/>\n<script type=\"application\/ld+json\" class=\"yoast-schema-graph\">{\"@context\":\"https:\\\/\\\/schema.org\",\"@graph\":[{\"@type\":\"Article\",\"@id\":\"https:\\\/\\\/ajans12.com\\\/?p=133#article\",\"isPartOf\":{\"@id\":\"https:\\\/\\\/ajans12.com\\\/?p=133\"},\"author\":{\"name\":\"admin\",\"@id\":\"https:\\\/\\\/ajans12.com\\\/#\\\/schema\\\/person\\\/a5eae87817f5755b5f0c94d29b3090c9\"},\"headline\":\"Sosyal Medyada G\u00fczel G\u00f6r\u00fcnmek ile G\u00fcven Vermek Ayn\u0131 \u015eey De\u011fildir.\",\"datePublished\":\"2026-08-15T16:20:29+00:00\",\"dateModified\":\"2026-08-15T16:21:02+00:00\",\"mainEntityOfPage\":{\"@id\":\"https:\\\/\\\/ajans12.com\\\/?p=133\"},\"wordCount\":1109,\"commentCount\":0,\"publisher\":{\"@id\":\"https:\\\/\\\/ajans12.com\\\/#organization\"},\"image\":{\"@id\":\"https:\\\/\\\/ajans12.com\\\/?p=133#primaryimage\"},\"thumbnailUrl\":\"https:\\\/\\\/ajans12.com\\\/wp-content\\\/uploads\\\/2026\\\/08\\\/social_brand.jpg\",\"articleSection\":[\"Sosyal Medya\"],\"inLanguage\":\"tr\",\"potentialAction\":[{\"@type\":\"CommentAction\",\"name\":\"Comment\",\"target\":[\"https:\\\/\\\/ajans12.com\\\/?p=133#respond\"]}]},{\"@type\":\"WebPage\",\"@id\":\"https:\\\/\\\/ajans12.com\\\/?p=133\",\"url\":\"https:\\\/\\\/ajans12.com\\\/?p=133\",\"name\":\"Sosyal Medyada G\u00fczel G\u00f6r\u00fcnmek ile G\u00fcven Vermek Ayn\u0131 \u015eey De\u011fildir. - AJANS 12\",\"isPartOf\":{\"@id\":\"https:\\\/\\\/ajans12.com\\\/#website\"},\"primaryImageOfPage\":{\"@id\":\"https:\\\/\\\/ajans12.com\\\/?p=133#primaryimage\"},\"image\":{\"@id\":\"https:\\\/\\\/ajans12.com\\\/?p=133#primaryimage\"},\"thumbnailUrl\":\"https:\\\/\\\/ajans12.com\\\/wp-content\\\/uploads\\\/2026\\\/08\\\/social_brand.jpg\",\"datePublished\":\"2026-08-15T16:20:29+00:00\",\"dateModified\":\"2026-08-15T16:21:02+00:00\",\"breadcrumb\":{\"@id\":\"https:\\\/\\\/ajans12.com\\\/?p=133#breadcrumb\"},\"inLanguage\":\"tr\",\"potentialAction\":[{\"@type\":\"ReadAction\",\"target\":[\"https:\\\/\\\/ajans12.com\\\/?p=133\"]}]},{\"@type\":\"ImageObject\",\"inLanguage\":\"tr\",\"@id\":\"https:\\\/\\\/ajans12.com\\\/?p=133#primaryimage\",\"url\":\"https:\\\/\\\/ajans12.com\\\/wp-content\\\/uploads\\\/2026\\\/08\\\/social_brand.jpg\",\"contentUrl\":\"https:\\\/\\\/ajans12.com\\\/wp-content\\\/uploads\\\/2026\\\/08\\\/social_brand.jpg\",\"width\":1200,\"height\":600},{\"@type\":\"BreadcrumbList\",\"@id\":\"https:\\\/\\\/ajans12.com\\\/?p=133#breadcrumb\",\"itemListElement\":[{\"@type\":\"ListItem\",\"position\":1,\"name\":\"Anasayfa\",\"item\":\"https:\\\/\\\/ajans12.com\\\/\"},{\"@type\":\"ListItem\",\"position\":2,\"name\":\"Sosyal Medyada G\u00fczel G\u00f6r\u00fcnmek ile G\u00fcven Vermek Ayn\u0131 \u015eey De\u011fildir.\"}]},{\"@type\":\"WebSite\",\"@id\":\"https:\\\/\\\/ajans12.com\\\/#website\",\"url\":\"https:\\\/\\\/ajans12.com\\\/\",\"name\":\"AJANS 12\",\"description\":\"Markan\u0131z\u0131 G\u00f6r\u00fcn\u00fcr, Hik\u00e2yenizi Unutulmaz K\u0131l\u0131yoruz.\",\"publisher\":{\"@id\":\"https:\\\/\\\/ajans12.com\\\/#organization\"},\"potentialAction\":[{\"@type\":\"SearchAction\",\"target\":{\"@type\":\"EntryPoint\",\"urlTemplate\":\"https:\\\/\\\/ajans12.com\\\/?s={search_term_string}\"},\"query-input\":{\"@type\":\"PropertyValueSpecification\",\"valueRequired\":true,\"valueName\":\"search_term_string\"}}],\"inLanguage\":\"tr\"},{\"@type\":\"Organization\",\"@id\":\"https:\\\/\\\/ajans12.com\\\/#organization\",\"name\":\"AJANS 12\",\"url\":\"https:\\\/\\\/ajans12.com\\\/\",\"logo\":{\"@type\":\"ImageObject\",\"inLanguage\":\"tr\",\"@id\":\"https:\\\/\\\/ajans12.com\\\/#\\\/schema\\\/logo\\\/image\\\/\",\"url\":\"https:\\\/\\\/ajans12.com\\\/wp-content\\\/uploads\\\/2026\\\/08\\\/cropped-Ajans_12_Vector_Logo_3D_200px.png\",\"contentUrl\":\"https:\\\/\\\/ajans12.com\\\/wp-content\\\/uploads\\\/2026\\\/08\\\/cropped-Ajans_12_Vector_Logo_3D_200px.png\",\"width\":200,\"height\":178,\"caption\":\"AJANS 12\"},\"image\":{\"@id\":\"https:\\\/\\\/ajans12.com\\\/#\\\/schema\\\/logo\\\/image\\\/\"}},{\"@type\":\"Person\",\"@id\":\"https:\\\/\\\/ajans12.com\\\/#\\\/schema\\\/person\\\/a5eae87817f5755b5f0c94d29b3090c9\",\"name\":\"admin\",\"image\":{\"@type\":\"ImageObject\",\"inLanguage\":\"tr\",\"@id\":\"https:\\\/\\\/secure.gravatar.com\\\/avatar\\\/471c118e7893ae3149fb362a87a71f0f3dac44a698299b48de6d52b3d8be5d60?s=96&d=mm&r=g\",\"url\":\"https:\\\/\\\/secure.gravatar.com\\\/avatar\\\/471c118e7893ae3149fb362a87a71f0f3dac44a698299b48de6d52b3d8be5d60?s=96&d=mm&r=g\",\"contentUrl\":\"https:\\\/\\\/secure.gravatar.com\\\/avatar\\\/471c118e7893ae3149fb362a87a71f0f3dac44a698299b48de6d52b3d8be5d60?s=96&d=mm&r=g\",\"caption\":\"admin\"},\"sameAs\":[\"https:\\\/\\\/ajans12.com\"],\"url\":\"https:\\\/\\\/ajans12.com\\\/?author=1\"}]}<\/script>\n<!-- \/ Yoast SEO plugin. -->","yoast_head_json":{"title":"Sosyal Medyada G\u00fczel G\u00f6r\u00fcnmek ile G\u00fcven Vermek Ayn\u0131 \u015eey De\u011fildir. - AJANS 12","robots":{"index":"index","follow":"follow","max-snippet":"max-snippet:-1","max-image-preview":"max-image-preview:large","max-video-preview":"max-video-preview:-1"},"canonical":"https:\/\/ajans12.com\/?p=133","og_locale":"tr_TR","og_type":"article","og_title":"Sosyal Medyada G\u00fczel G\u00f6r\u00fcnmek ile G\u00fcven Vermek Ayn\u0131 \u015eey De\u011fildir. - AJANS 12","og_description":"Bir markan\u0131n sosyal medya hesab\u0131na girdi\u011finizde ilk birka\u00e7 saniyede bir fikir olu\u015fur. Logo d\u00fczg\u00fcn m\u00fc?Foto\u011fraflar kaliteli mi?Renkler birbiriyle uyumlu mu?Profil d\u00fczenli mi? Bunlar\u0131n tamam\u0131 \u00f6nemli. Ancak iyi g\u00f6r\u00fcnen bir sosyal medya hesab\u0131 ile&nbsp;g\u00fcven veren bir marka&nbsp;ayn\u0131 \u015fey de\u011fildir. \u00c7\u00fcnk\u00fc sosyal medya art\u0131k yaln\u0131zca markan\u0131n vitrini de\u011fil; m\u00fc\u015fterinin marka hakk\u0131nda karar vermeden \u00f6nce yapt\u0131\u011f\u0131 k\u00fc\u00e7\u00fck bir [&hellip;]","og_url":"https:\/\/ajans12.com\/?p=133","og_site_name":"AJANS 12","article_published_time":"2026-08-15T16:20:29+00:00","article_modified_time":"2026-08-15T16:21:02+00:00","og_image":[{"width":1200,"height":600,"url":"https:\/\/ajans12.com\/wp-content\/uploads\/2026\/08\/social_brand.jpg","type":"image\/jpeg"}],"author":"admin","twitter_card":"summary_large_image","twitter_misc":{"Yazan:":"admin","Tahmini okuma s\u00fcresi":"1 dakika"},"schema":{"@context":"https:\/\/schema.org","@graph":[{"@type":"Article","@id":"https:\/\/ajans12.com\/?p=133#article","isPartOf":{"@id":"https:\/\/ajans12.com\/?p=133"},"author":{"name":"admin","@id":"https:\/\/ajans12.com\/#\/schema\/person\/a5eae87817f5755b5f0c94d29b3090c9"},"headline":"Sosyal Medyada G\u00fczel G\u00f6r\u00fcnmek ile G\u00fcven Vermek Ayn\u0131 \u015eey De\u011fildir.","datePublished":"2026-08-15T16:20:29+00:00","dateModified":"2026-08-15T16:21:02+00:00","mainEntityOfPage":{"@id":"https:\/\/ajans12.com\/?p=133"},"wordCount":1109,"commentCount":0,"publisher":{"@id":"https:\/\/ajans12.com\/#organization"},"image":{"@id":"https:\/\/ajans12.com\/?p=133#primaryimage"},"thumbnailUrl":"https:\/\/ajans12.com\/wp-content\/uploads\/2026\/08\/social_brand.jpg","articleSection":["Sosyal Medya"],"inLanguage":"tr","potentialAction":[{"@type":"CommentAction","name":"Comment","target":["https:\/\/ajans12.com\/?p=133#respond"]}]},{"@type":"WebPage","@id":"https:\/\/ajans12.com\/?p=133","url":"https:\/\/ajans12.com\/?p=133","name":"Sosyal Medyada G\u00fczel G\u00f6r\u00fcnmek ile G\u00fcven Vermek Ayn\u0131 \u015eey De\u011fildir. - AJANS 12","isPartOf":{"@id":"https:\/\/ajans12.com\/#website"},"primaryImageOfPage":{"@id":"https:\/\/ajans12.com\/?p=133#primaryimage"},"image":{"@id":"https:\/\/ajans12.com\/?p=133#primaryimage"},"thumbnailUrl":"https:\/\/ajans12.com\/wp-content\/uploads\/2026\/08\/social_brand.jpg","datePublished":"2026-08-15T16:20:29+00:00","dateModified":"2026-08-15T16:21:02+00:00","breadcrumb":{"@id":"https:\/\/ajans12.com\/?p=133#breadcrumb"},"inLanguage":"tr","potentialAction":[{"@type":"ReadAction","target":["https:\/\/ajans12.com\/?p=133"]}]},{"@type":"ImageObject","inLanguage":"tr","@id":"https:\/\/ajans12.com\/?p=133#primaryimage","url":"https:\/\/ajans12.com\/wp-content\/uploads\/2026\/08\/social_brand.jpg","contentUrl":"https:\/\/ajans12.com\/wp-content\/uploads\/2026\/08\/social_brand.jpg","width":1200,"height":600},{"@type":"BreadcrumbList","@id":"https:\/\/ajans12.com\/?p=133#breadcrumb","itemListElement":[{"@type":"ListItem","position":1,"name":"Anasayfa","item":"https:\/\/ajans12.com\/"},{"@type":"ListItem","position":2,"name":"Sosyal Medyada G\u00fczel G\u00f6r\u00fcnmek ile G\u00fcven Vermek Ayn\u0131 \u015eey De\u011fildir."}]},{"@type":"WebSite","@id":"https:\/\/ajans12.com\/#website","url":"https:\/\/ajans12.com\/","name":"AJANS 12","description":"Markan\u0131z\u0131 G\u00f6r\u00fcn\u00fcr, Hik\u00e2yenizi Unutulmaz K\u0131l\u0131yoruz.","publisher":{"@id":"https:\/\/ajans12.com\/#organization"},"potentialAction":[{"@type":"SearchAction","target":{"@type":"EntryPoint","urlTemplate":"https:\/\/ajans12.com\/?s={search_term_string}"},"query-input":{"@type":"PropertyValueSpecification","valueRequired":true,"valueName":"search_term_string"}}],"inLanguage":"tr"},{"@type":"Organization","@id":"https:\/\/ajans12.com\/#organization","name":"AJANS 12","url":"https:\/\/ajans12.com\/","logo":{"@type":"ImageObject","inLanguage":"tr","@id":"https:\/\/ajans12.com\/#\/schema\/logo\/image\/","url":"https:\/\/ajans12.com\/wp-content\/uploads\/2026\/08\/cropped-Ajans_12_Vector_Logo_3D_200px.png","contentUrl":"https:\/\/ajans12.com\/wp-content\/uploads\/2026\/08\/cropped-Ajans_12_Vector_Logo_3D_200px.png","width":200,"height":178,"caption":"AJANS 12"},"image":{"@id":"https:\/\/ajans12.com\/#\/schema\/logo\/image\/"}},{"@type":"Person","@id":"https:\/\/ajans12.com\/#\/schema\/person\/a5eae87817f5755b5f0c94d29b3090c9","name":"admin","image":{"@type":"ImageObject","inLanguage":"tr","@id":"https:\/\/secure.gravatar.com\/avatar\/471c118e7893ae3149fb362a87a71f0f3dac44a698299b48de6d52b3d8be5d60?s=96&d=mm&r=g","url":"https:\/\/secure.gravatar.com\/avatar\/471c118e7893ae3149fb362a87a71f0f3dac44a698299b48de6d52b3d8be5d60?s=96&d=mm&r=g","contentUrl":"https:\/\/secure.gravatar.com\/avatar\/471c118e7893ae3149fb362a87a71f0f3dac44a698299b48de6d52b3d8be5d60?s=96&d=mm&r=g","caption":"admin"},"sameAs":["https:\/\/ajans12.com"],"url":"https:\/\/ajans12.com\/?author=1"}]}},"_links":{"self":[{"href":"https:\/\/ajans12.com\/index.php?rest_route=\/wp\/v2\/posts\/133","targetHints":{"allow":["GET"]}}],"collection":[{"href":"https:\/\/ajans12.com\/index.php?rest_route=\/wp\/v2\/posts"}],"about":[{"href":"https:\/\/ajans12.com\/index.php?rest_route=\/wp\/v2\/types\/post"}],"author":[{"embeddable":true,"href":"https:\/\/ajans12.com\/index.php?rest_route=\/wp\/v2\/users\/1"}],"replies":[{"embeddable":true,"href":"https:\/\/ajans12.com\/index.php?rest_route=%2Fwp%2Fv2%2Fcomments&post=133"}],"version-history":[{"count":2,"href":"https:\/\/ajans12.com\/index.php?rest_route=\/wp\/v2\/posts\/133\/revisions"}],"predecessor-version":[{"id":136,"href":"https:\/\/ajans12.com\/index.php?rest_route=\/wp\/v2\/posts\/133\/revisions\/136"}],"wp:featuredmedia":[{"embeddable":true,"href":"https:\/\/ajans12.com\/index.php?rest_route=\/wp\/v2\/media\/134"}],"wp:attachment":[{"href":"https:\/\/ajans12.com\/index.php?rest_route=%2Fwp%2Fv2%2Fmedia&parent=133"}],"wp:term":[{"taxonomy":"category","embeddable":true,"href":"https:\/\/ajans12.com\/index.php?rest_route=%2Fwp%2Fv2%2Fcategories&post=133"},{"taxonomy":"post_tag","embeddable":true,"href":"https:\/\/ajans12.com\/index.php?rest_route=%2Fwp%2Fv2%2Ftags&post=133"}],"curies":[{"name":"wp","href":"https:\/\/api.w.org\/{rel}","templated":true}]}}